{"id":38200,"date":"2023-03-17T13:59:00","date_gmt":"2023-03-17T16:59:00","guid":{"rendered":"https:\/\/www.radiopresidenteibanez.cl\/web\/?p=38200"},"modified":"2023-03-17T12:02:31","modified_gmt":"2023-03-17T15:02:31","slug":"presidenta-de-la-corte-de-punta-arenas-sostuvo-encuentro-protocolar-a-gobernador-regional","status":"publish","type":"post","link":"https:\/\/www.radiopresidenteibanez.cl\/web\/presidenta-de-la-corte-de-punta-arenas-sostuvo-encuentro-protocolar-a-gobernador-regional\/","title":{"rendered":"Presidenta de la Corte de Punta Arenas sostuvo encuentro protocolar a gobernador regional"},"content":{"rendered":"\n<p>La presidenta de la Corte de Apelaciones de Punta Arenas, ministra Caroline Turner Gonz\u00e1lez, se<br>reuni\u00f3 con el gobernador de Magallanes, Jorge Flies A\u00f1\u00f3n,&nbsp; para entregar saludo protocolar y<br>analizar materias que tienen en com\u00fan y que van ligadas al beneficio de la comunidad, como el<br>bus de la justicia que se hizo presente en enero y febrero de este a\u00f1o en la regi\u00f3n.<br>\u201cHablamos de varios proyectos de infraestructura y de otra \u00edndole en que podemos&nbsp; ser ayudados<br>por el gobernador para su posterior concreci\u00f3n, estuvimos hablando sobre la creaci\u00f3n de los<br>nuevos tribunales de Porvenir y la posibilidad de que Polic\u00eda de Investigaciones, tenga un lugar en<br>esa localidad. Adem\u00e1s, conversamos&nbsp; sobre las falencias que tenemos en materia de justicia como<br>la falta de un m\u00e9dico legista con especialidad psiquiatra en esta regi\u00f3n, y tambi\u00e9n estuvimos<br>explorando posibilidades para poder salvar esa situaci\u00f3n\u201d, coment\u00f3 la presidenta Turner.<br>Por su parte el gobernador regional, se\u00f1al\u00f3 que, \u201cfue una excelente reuni\u00f3n donde pudimos<br>hablar del desarrollo del Poder Judicial con el Gobierno Regional. Hablamos de los avances de la<br>justicia en la provincia Ant\u00e1rtica. Tambi\u00e9n, hay una deuda hist\u00f3rica con la presencia de Fiscal\u00eda y<br>Gendarmer\u00eda en Puerto Williams, y con respecto al m\u00f3vil de la justicia estamos a total disposici\u00f3n<br>para la iniciativa\u201d, finaliz\u00f3.<\/p>\n","protected":false},"excerpt":{"rendered":"<p>La presidenta de la Corte de Apelaciones de Punta Arenas, ministra Caroline Turner Gonz\u00e1lez, sereuni\u00f3 con el gobernador de Magallanes, Jorge Flies A\u00f1\u00f3n,&nbsp; para entregar saludo protocolar yanalizar materias que&#8230; <a class=\"read-more\" href=\"https:\/\/www.radiopresidenteibanez.cl\/web\/presidenta-de-la-corte-de-punta-arenas-sostuvo-encuentro-protocolar-a-gobernador-regional\/\">Leer m\u00e1s<\/a><\/p>\n","protected":false},"author":2,"featured_media":38201,"comment_status":"closed","ping_status":"closed","sticky":false,"template":"","format":"standard","meta":{"footnotes":""},"categories":[1],"tags":[],"class_list":["post-38200","post","type-post","status-publish","format-standard","has-post-thumbnail","hentry","category-cronica"],"_links":{"self":[{"href":"https:\/\/www.radiopresidenteibanez.cl\/web\/wp-json\/wp\/v2\/posts\/38200","targetHints":{"allow":["GET"]}}],"collection":[{"href":"https:\/\/www.radiopresidenteibanez.cl\/web\/wp-json\/wp\/v2\/posts"}],"about":[{"href":"https:\/\/www.radiopresidenteibanez.cl\/web\/wp-json\/wp\/v2\/types\/post"}],"author":[{"embeddable":true,"href":"https:\/\/www.radiopresidenteibanez.cl\/web\/wp-json\/wp\/v2\/users\/2"}],"replies":[{"embeddable":true,"href":"https:\/\/www.radiopresidenteibanez.cl\/web\/wp-json\/wp\/v2\/comments?post=38200"}],"version-history":[{"count":0,"href":"https:\/\/www.radiopresidenteibanez.cl\/web\/wp-json\/wp\/v2\/posts\/38200\/revisions"}],"wp:featuredmedia":[{"embeddable":true,"href":"https:\/\/www.radiopresidenteibanez.cl\/web\/wp-json\/wp\/v2\/media\/38201"}],"wp:attachment":[{"href":"https:\/\/www.radiopresidenteibanez.cl\/web\/wp-json\/wp\/v2\/media?parent=38200"}],"wp:term":[{"taxonomy":"category","embeddable":true,"href":"https:\/\/www.radiopresidenteibanez.cl\/web\/wp-json\/wp\/v2\/categories?post=38200"},{"taxonomy":"post_tag","embeddable":true,"href":"https:\/\/www.radiopresidenteibanez.cl\/web\/wp-json\/wp\/v2\/tags?post=38200"}],"curies":[{"name":"wp","href":"https:\/\/api.w.org\/{rel}","templated":true}]}}