{"id":38197,"date":"2023-03-17T12:33:00","date_gmt":"2023-03-17T15:33:00","guid":{"rendered":"https:\/\/www.radiopresidenteibanez.cl\/web\/?p=38197"},"modified":"2023-03-17T11:30:09","modified_gmt":"2023-03-17T14:30:09","slug":"con-prioridad-en-seguridad-publica-y-reforzar-proceso-de-descentralizacion-la-moneda-convoca-a-delegados-y-delegadas-presidenciales","status":"publish","type":"post","link":"https:\/\/www.radiopresidenteibanez.cl\/web\/con-prioridad-en-seguridad-publica-y-reforzar-proceso-de-descentralizacion-la-moneda-convoca-a-delegados-y-delegadas-presidenciales\/","title":{"rendered":"Con prioridad en seguridad p\u00fablica y reforzar proceso de descentralizaci\u00f3n La Moneda convoca a delegados y delegadas presidenciales"},"content":{"rendered":"\n<p>Hasta el Palacio de la Moneda llegar\u00e1n los 16 delegados y delegadas presidenciales regionales para participar de una jornada de trabajo para abordar lineamientos pol\u00edtico-program\u00e1ticos para el dise\u00f1o e implementaci\u00f3n de la pol\u00edtica de descentralizaci\u00f3n y nueva institucionalidad regional, adem\u00e1s de actualizar las prioridades en seguridad p\u00fablica.<\/p>\n\n\n\n<p>La reuni\u00f3n conducida por la Ministra del Interior y Seguridad P\u00fablica, Carolina Toh\u00e1, ser\u00e1 inaugurada por el Presidente de la Rep\u00fablica, Gabriel Boric, y contar\u00e1 tambi\u00e9n con la presencia de los Subsecretarios de Interior, Manuel Monsalve; de Prevenci\u00f3n del Delito, Eduardo Vergara y de Desarrollo Regional, Nicol\u00e1s Cataldo.<\/p>\n\n\n\n<p>Durante jornada se relevar\u00e1 la importancia de establecer la seguridad p\u00fablica como primera prioridad para este a\u00f1o, a trav\u00e9s del fortalecimiento de las polic\u00edas y la implementaci\u00f3n de las pol\u00edticas de gobierno y la nueva legislaci\u00f3n que avanza en el Parlamento.<\/p>\n\n\n\n<p>La ministra del Interior sostuvo que <em>\u201cen materia de descentralizaci\u00f3n vamos a dar pasos muy importantes para profundizarla, para aclarar los roles de cada uno de los actores, para darle solidez; vamos a trabajar en generar una descentralizaci\u00f3n consistente, a trav\u00e9s de pol\u00edticas e instrumentos para que todos los territorios del pa\u00eds se puedan desarrollar y participar de la vida nacional en igualdad de condiciones\u201d. <\/em>A\u00f1adi\u00f3 adem\u00e1s que<em> \u201clos delegados y delegadas son la voz del gobierno en las regiones y su rol es encabezar este proceso a nombre del gobierno a lo largo del pa\u00eds; asimismo son responsables de llevar adelante el programa, ejecutar soluciones que beneficien a la ciudadan\u00eda y canalizar las demandas de los habitantes de sus regiones\u201d.<\/em><\/p>\n\n\n\n<p><em>La Delegada Presidencial Regional de Magallanes, Luz Berm\u00fadez Sandoval, manifest\u00f3 que \u201cesta reuni\u00f3n de trabajo reviste suma importancia para nuestro pa\u00eds en cuanto a los procesos que estamos viviendo en materia de descentralizaci\u00f3n y seguridad p\u00fablica, dos materias desafiantes, que conforman los pilares para los cambios que se precisa realizar, y que permitir\u00e1n otorgar a todos los y las habitantes de nuestro territorio una vida justa, digna y segura\u201d<\/em><\/p>\n\n\n\n<p>Durante la jornada, dividida en tres instancias de trabajo, se abordar\u00e1n los ejes centrales de la pol\u00edtica nacional de descentralizaci\u00f3n y de la nueva institucionalidad que deriva de la creaci\u00f3n del Ministerio de Seguridad P\u00fablica, as\u00ed como los principales desaf\u00edos y prioridades en esta materia para el a\u00f1o 2023.<\/p>\n\n\n\n<p>La jefa de gabinete sostuvo finalmente que <em>\u201ccreemos que una pol\u00edtica de descentralizaci\u00f3n en serio requiere de rigurosidad y de la incorporaci\u00f3n de las diversas miradas, experiencias y realidades regionales, por ello nos parece fundamental escuchar lo que tienen que decir nuestros delegadas y delegados, pero tambi\u00e9n los alcaldes y los gobernadores regionales\u201d.<\/em><\/p>\n","protected":false},"excerpt":{"rendered":"<p>Hasta el Palacio de la Moneda llegar\u00e1n los 16 delegados y delegadas presidenciales regionales para participar de una jornada de trabajo para abordar lineamientos pol\u00edtico-program\u00e1ticos para el dise\u00f1o e implementaci\u00f3n&#8230; <a class=\"read-more\" href=\"https:\/\/www.radiopresidenteibanez.cl\/web\/con-prioridad-en-seguridad-publica-y-reforzar-proceso-de-descentralizacion-la-moneda-convoca-a-delegados-y-delegadas-presidenciales\/\">Leer m\u00e1s<\/a><\/p>\n","protected":false},"author":2,"featured_media":38198,"comment_status":"closed","ping_status":"closed","sticky":false,"template":"","format":"standard","meta":{"footnotes":""},"categories":[1],"tags":[],"class_list":["post-38197","post","type-post","status-publish","format-standard","has-post-thumbnail","hentry","category-cronica"],"_links":{"self":[{"href":"https:\/\/www.radiopresidenteibanez.cl\/web\/wp-json\/wp\/v2\/posts\/38197","targetHints":{"allow":["GET"]}}],"collection":[{"href":"https:\/\/www.radiopresidenteibanez.cl\/web\/wp-json\/wp\/v2\/posts"}],"about":[{"href":"https:\/\/www.radiopresidenteibanez.cl\/web\/wp-json\/wp\/v2\/types\/post"}],"author":[{"embeddable":true,"href":"https:\/\/www.radiopresidenteibanez.cl\/web\/wp-json\/wp\/v2\/users\/2"}],"replies":[{"embeddable":true,"href":"https:\/\/www.radiopresidenteibanez.cl\/web\/wp-json\/wp\/v2\/comments?post=38197"}],"version-history":[{"count":0,"href":"https:\/\/www.radiopresidenteibanez.cl\/web\/wp-json\/wp\/v2\/posts\/38197\/revisions"}],"wp:featuredmedia":[{"embeddable":true,"href":"https:\/\/www.radiopresidenteibanez.cl\/web\/wp-json\/wp\/v2\/media\/38198"}],"wp:attachment":[{"href":"https:\/\/www.radiopresidenteibanez.cl\/web\/wp-json\/wp\/v2\/media?parent=38197"}],"wp:term":[{"taxonomy":"category","embeddable":true,"href":"https:\/\/www.radiopresidenteibanez.cl\/web\/wp-json\/wp\/v2\/categories?post=38197"},{"taxonomy":"post_tag","embeddable":true,"href":"https:\/\/www.radiopresidenteibanez.cl\/web\/wp-json\/wp\/v2\/tags?post=38197"}],"curies":[{"name":"wp","href":"https:\/\/api.w.org\/{rel}","templated":true}]}}