{"id":38194,"date":"2023-03-17T11:23:00","date_gmt":"2023-03-17T14:23:00","guid":{"rendered":"https:\/\/www.radiopresidenteibanez.cl\/web\/?p=38194"},"modified":"2023-03-17T09:01:48","modified_gmt":"2023-03-17T12:01:48","slug":"optica-comunal-cumplio-un-ano-de-funcionamiento-con-positivo-balance","status":"publish","type":"post","link":"https:\/\/www.radiopresidenteibanez.cl\/web\/optica-comunal-cumplio-un-ano-de-funcionamiento-con-positivo-balance\/","title":{"rendered":"<strong>\u00d3PTICA COMUNAL CUMPLI\u00d3 UN A\u00d1O DE FUNCIONAMIENTO CON POSITIVO BALANCE<\/strong>"},"content":{"rendered":"\n<p>A un a\u00f1o desde la apertura de la \u00d3ptica Comunal, proyecto impulsado por el Alcalde Claudio Radonich y que ha resultado todo un \u00e9xito, al lograr mantener precios bajos y no restringir el acceso a los distintos productos y servicios que ofrece el lugar.<\/p>\n\n\n\n<p>\u201cComo saben, la \u00f3ptica utiliza la misma f\u00f3rmula que las farmacias comunales, que no piden requisitos ni condiciones para el acceso, lo que implica que todos son bienvenidos\u201d, explic\u00f3 Raodnich. A ello agreg\u00f3 que \u201cla idea justamente es que sea para todos nuestros vecinos, lo que claramente ha generado una muy buena recepci\u00f3n por parte de la comunidad. Los n\u00fameros son muy favorables, porque hemos entregado m\u00e1s de 2 mil pares de lentes con valores muy accesibles y econ\u00f3micos\u201d.<\/p>\n\n\n\n<p>Cristian Pereira, encargado del recinto, detall\u00f3 que \u201cprincipalmente, nos visitan adultos mayores y mujeres, con la necesidad de obtener lentes, lo que se sum\u00f3 a un n\u00famero importante de ni\u00f1os y sus familias, con el fin de cotizar previo al inicio de clases\u201d.<\/p>\n\n\n\n<p>Pereira dijo tambi\u00e9n que \u201cvendemos lentes, aproximadamente, desde los 30 mil pesos, y seg\u00fan lo que hemos confirmado, nuestros valores est\u00e1n un 50% menos que en el mercado habitual, ya que adem\u00e1s todos los lentes se hacen en el taller de la misma \u00f3ptica, que cuenta con maquinaria de \u00faltima generaci\u00f3n\u201d.<\/p>\n\n\n\n<p>\u201cComo Municipalidad buscamos complementar y colaborar en el acceso a este tipo de prestaciones, pensado para todos y a bajo costo, con buenos productos, as\u00ed que muy contentos con los resultados de la \u00f3ptica comunal\u201d, finaliz\u00f3 la autoridad comunal.<\/p>\n\n\n\n<p>El horario de atenci\u00f3n de la \u00d3ptica Comunal ubicada en calle Chilo\u00e9 648, es desde las 8 a las 13 horas por la ma\u00f1ana, y a partir de las 14 hasta las 16:30 horas por las tardes de lunes a viernes.<\/p>\n","protected":false},"excerpt":{"rendered":"<p>A un a\u00f1o desde la apertura de la \u00d3ptica Comunal, proyecto impulsado por el Alcalde Claudio Radonich y que ha resultado todo un \u00e9xito, al lograr mantener precios bajos y&#8230; <a class=\"read-more\" href=\"https:\/\/www.radiopresidenteibanez.cl\/web\/optica-comunal-cumplio-un-ano-de-funcionamiento-con-positivo-balance\/\">Leer m\u00e1s<\/a><\/p>\n","protected":false},"author":2,"featured_media":38195,"comment_status":"closed","ping_status":"closed","sticky":false,"template":"","format":"standard","meta":{"footnotes":""},"categories":[1],"tags":[],"class_list":["post-38194","post","type-post","status-publish","format-standard","has-post-thumbnail","hentry","category-cronica"],"_links":{"self":[{"href":"https:\/\/www.radiopresidenteibanez.cl\/web\/wp-json\/wp\/v2\/posts\/38194","targetHints":{"allow":["GET"]}}],"collection":[{"href":"https:\/\/www.radiopresidenteibanez.cl\/web\/wp-json\/wp\/v2\/posts"}],"about":[{"href":"https:\/\/www.radiopresidenteibanez.cl\/web\/wp-json\/wp\/v2\/types\/post"}],"author":[{"embeddable":true,"href":"https:\/\/www.radiopresidenteibanez.cl\/web\/wp-json\/wp\/v2\/users\/2"}],"replies":[{"embeddable":true,"href":"https:\/\/www.radiopresidenteibanez.cl\/web\/wp-json\/wp\/v2\/comments?post=38194"}],"version-history":[{"count":0,"href":"https:\/\/www.radiopresidenteibanez.cl\/web\/wp-json\/wp\/v2\/posts\/38194\/revisions"}],"wp:featuredmedia":[{"embeddable":true,"href":"https:\/\/www.radiopresidenteibanez.cl\/web\/wp-json\/wp\/v2\/media\/38195"}],"wp:attachment":[{"href":"https:\/\/www.radiopresidenteibanez.cl\/web\/wp-json\/wp\/v2\/media?parent=38194"}],"wp:term":[{"taxonomy":"category","embeddable":true,"href":"https:\/\/www.radiopresidenteibanez.cl\/web\/wp-json\/wp\/v2\/categories?post=38194"},{"taxonomy":"post_tag","embeddable":true,"href":"https:\/\/www.radiopresidenteibanez.cl\/web\/wp-json\/wp\/v2\/tags?post=38194"}],"curies":[{"name":"wp","href":"https:\/\/api.w.org\/{rel}","templated":true}]}}