{"id":3818,"date":"2019-05-01T20:57:12","date_gmt":"2019-05-01T20:57:12","guid":{"rendered":"http:\/\/www.radiopresidenteibanez.cl\/web\/?p=3818"},"modified":"2019-05-01T20:57:31","modified_gmt":"2019-05-01T20:57:31","slug":"alcalde-fernando-paredes-realiza-cuenta-publica-municipal-destacando-el-trabajo-social-y-comunal","status":"publish","type":"post","link":"https:\/\/www.radiopresidenteibanez.cl\/web\/alcalde-fernando-paredes-realiza-cuenta-publica-municipal-destacando-el-trabajo-social-y-comunal\/","title":{"rendered":"ALCALDE FERNANDO PAREDES REALIZA CUENTA P\u00daBLICA MUNICIPAL DESTACANDO EL TRABAJO SOCIAL Y COMUNAL"},"content":{"rendered":"\n<p>En el Centro\nde eventos &nbsp;\u201cCormor\u00e1n de las Rocas\u201d, el\nalcalde de la comuna, Fernando Paredes Mansilla expuso a los presentes la\nCuenta P\u00fablica correspondiente al balance de la gesti\u00f3n del a\u00f1o 2018. La\nactividad cont\u00f3 con la presencia del Concejo Municipal, la gobernadora de\n\u00daltima Esperanza, Ana Mayorga el presidente del Consejo Regional, Tolentino\nSoto, entre otras autoridades.<\/p>\n\n\n\n<p>De acuerdo a\nlos se\u00f1alado en la Ley 18.695, articulo 67, el alcalde deber\u00e1 dar cuenta p\u00fablica\nal Concejo Municipal, Concejo se Seguridad Publica y Consejo Comunal de la\nSociedad Civil (COSOC), a m\u00e1s tardar el \u00faltimo d\u00eda h\u00e1bil del mes de abril\npresentando su gesti\u00f3n anual y la marcha general del municipio.<\/p>\n\n\n\n<p>Durante su\npresentaci\u00f3n se pudo apreciar el \u00e9nfasis social que el municipio trabaj\u00f3\ndurante el 2018. Medio ambiente, deporte, cultura y turismo, tambi\u00e9n fue\nenfatizado por la autoridad comunal donde relev\u00f3 el gran trabajo de los\nfuncionarios municipales.<\/p>\n\n\n\n<p>En la\ninstancia, la m\u00e1xima autoridad comunal, Fernando Paredes Mansilla se\u00f1al\u00f3 que\nhay que destacar las cifras positivas. \u201cM\u00e1s de 17 mil millones de pesos en\nproyectos de inversi\u00f3n y una gran inversi\u00f3n social que supera los mil\ndoscientos millones de pesos. Este es el mejor mensaje que le puedo entregar a\ntoda la comunidad en esta cuenta p\u00fablica, nosotros seguimos trabajando todos\nlos d\u00edas para mejorar la calidad de vida de cada uno de los habitantes. Eso la\ngente lo percibe y esta cuenta p\u00fablica que acabo de desarrollar habla por s\u00ed\nsola\u201d, indic\u00f3. <\/p>\n\n\n\n<p>Adem\u00e1s el edil\nentreg\u00f3 un especial agradecimiento al Concejo Municipal, indicando que ellos\nsiempre han tenido una preocupaci\u00f3n por la comunidad y gran parte de las\niniciativas nacen del seno del concejo. As\u00ed mismo destac\u00f3 el gran apoyo del\nGobierno Regional y del Consejo Regional, donde resalt\u00f3 que el reflejo de los\nmontos de inversi\u00f3n se debe a un compromiso de las autoridades regionales.<\/p>\n\n\n\n<p>En la misma\nl\u00ednea, la gobernadora de la provincia de \u00daltima Esperanza, Ana Mayorga\nBahamonde, destac\u00f3 el apoyo por parte de la gobernaci\u00f3n con el municipio y el apoyo\nde la mayor\u00eda de los entes del Estado. \u201cHoy d\u00eda se dio cuenta de c\u00f3mo ha crecido\ny c\u00f3mo se desarrolla la comuna de Natales de la mano de esta gesti\u00f3n, que ha\nsido una gesti\u00f3n inclusiva, la cual se ha preocupado no solamente de obras y la\nrecuperaci\u00f3n de espacios p\u00fablicos, sino que tambi\u00e9n de la parte social y de la\nvida de cada una de las personas de la comuna de Natales\u201d.<\/p>\n\n\n\n<p>Para el presidente del Consejo Regional de Magallanes y la Ant\u00e1rtica Chilena, Tolentino Soto Espa\u00f1a, la cantidad de los montos aprobados pasa por la gesti\u00f3n municipal realizada. \u201cEsto implica un trabajo en donde se preparan proyectos, donde se postulan proyectos y es lo que nosotros estamos apostando desde la perspectiva del Consejo Regional. En ello, se ve reflejado el compromiso por hacer una buena inversi\u00f3n p\u00fablica\u201d.<\/p>\n\n\n\n<figure class=\"wp-block-image\"><img loading=\"lazy\" decoding=\"async\" width=\"1024\" height=\"683\" src=\"https:\/\/www.radiopresidenteibanez.cl\/web\/wp-content\/uploads\/2019\/05\/039A3063-1024x683.jpg\" alt=\"\" class=\"wp-image-3819\" srcset=\"https:\/\/www.radiopresidenteibanez.cl\/web\/wp-content\/uploads\/2019\/05\/039A3063.jpg 1024w, https:\/\/www.radiopresidenteibanez.cl\/web\/wp-content\/uploads\/2019\/05\/039A3063-300x200.jpg 300w, https:\/\/www.radiopresidenteibanez.cl\/web\/wp-content\/uploads\/2019\/05\/039A3063-768x512.jpg 768w\" sizes=\"auto, (max-width: 1024px) 100vw, 1024px\" \/><\/figure>\n","protected":false},"excerpt":{"rendered":"<p>En el Centro de eventos &nbsp;\u201cCormor\u00e1n de las Rocas\u201d, el alcalde de la comuna, Fernando Paredes Mansilla expuso a los presentes la Cuenta P\u00fablica correspondiente al balance de la gesti\u00f3n&#8230; <a class=\"read-more\" href=\"https:\/\/www.radiopresidenteibanez.cl\/web\/alcalde-fernando-paredes-realiza-cuenta-publica-municipal-destacando-el-trabajo-social-y-comunal\/\">Leer m\u00e1s<\/a><\/p>\n","protected":false},"author":2,"featured_media":3819,"comment_status":"closed","ping_status":"closed","sticky":false,"template":"","format":"standard","meta":{"footnotes":""},"categories":[1],"tags":[],"class_list":["post-3818","post","type-post","status-publish","format-standard","has-post-thumbnail","hentry","category-cronica"],"_links":{"self":[{"href":"https:\/\/www.radiopresidenteibanez.cl\/web\/wp-json\/wp\/v2\/posts\/3818","targetHints":{"allow":["GET"]}}],"collection":[{"href":"https:\/\/www.radiopresidenteibanez.cl\/web\/wp-json\/wp\/v2\/posts"}],"about":[{"href":"https:\/\/www.radiopresidenteibanez.cl\/web\/wp-json\/wp\/v2\/types\/post"}],"author":[{"embeddable":true,"href":"https:\/\/www.radiopresidenteibanez.cl\/web\/wp-json\/wp\/v2\/users\/2"}],"replies":[{"embeddable":true,"href":"https:\/\/www.radiopresidenteibanez.cl\/web\/wp-json\/wp\/v2\/comments?post=3818"}],"version-history":[{"count":0,"href":"https:\/\/www.radiopresidenteibanez.cl\/web\/wp-json\/wp\/v2\/posts\/3818\/revisions"}],"wp:featuredmedia":[{"embeddable":true,"href":"https:\/\/www.radiopresidenteibanez.cl\/web\/wp-json\/wp\/v2\/media\/3819"}],"wp:attachment":[{"href":"https:\/\/www.radiopresidenteibanez.cl\/web\/wp-json\/wp\/v2\/media?parent=3818"}],"wp:term":[{"taxonomy":"category","embeddable":true,"href":"https:\/\/www.radiopresidenteibanez.cl\/web\/wp-json\/wp\/v2\/categories?post=3818"},{"taxonomy":"post_tag","embeddable":true,"href":"https:\/\/www.radiopresidenteibanez.cl\/web\/wp-json\/wp\/v2\/tags?post=3818"}],"curies":[{"name":"wp","href":"https:\/\/api.w.org\/{rel}","templated":true}]}}