{"id":38173,"date":"2023-03-16T15:26:47","date_gmt":"2023-03-16T18:26:47","guid":{"rendered":"https:\/\/www.radiopresidenteibanez.cl\/web\/?p=38173"},"modified":"2023-03-16T15:27:04","modified_gmt":"2023-03-16T18:27:04","slug":"delegada-regional-viaja-a-jornada-de-trabajo-en-la-moneda","status":"publish","type":"post","link":"https:\/\/www.radiopresidenteibanez.cl\/web\/delegada-regional-viaja-a-jornada-de-trabajo-en-la-moneda\/","title":{"rendered":"<strong>Delegada regional viaja a jornada de trabajo en La Moneda<\/strong>"},"content":{"rendered":"\n<p>Este viernes 17 de marzo la Delegada Presidencial, Luz Berm\u00fadez Sandoval, participar\u00e1 en una Jornada de trabajo que congregar\u00e1 a las autoridades regionales de todo el pa\u00eds, con foco central en la Pol\u00edtica Nacional de Descentralizaci\u00f3n.<\/p>\n\n\n\n<p>El Gobierno del Presidente Gabriel Boric tiene un fuerte compromiso con la descentralizaci\u00f3n, siendo esta uno de los cuatro ejes transversales del programa de gobierno. La descentralizaci\u00f3n es un eje transversal en la medida que permite desconcentrar el poder, entendida como un medio tras una organizaci\u00f3n pol\u00edtico-administrativa que propicie condiciones de equidad y justicia territorial y una presencia del Estado que reconozca la diversidad de sus territorios y act\u00fae con pertinencia a las particularidades de cada uno.<\/p>\n\n\n\n<p>Para la Delegada Berm\u00fadez adem\u00e1s de lo in\u00e9dito de la descentralizaci\u00f3n econ\u00f3mica, \u201cel poder reforzar la entrega de recursos a los gobiernos regionales y a las municipalidades para que tengan mayor autonom\u00eda en su administraci\u00f3n, es una se\u00f1al concreta e importante de un cambio real. La profundizaci\u00f3n del proceso de descentralizaci\u00f3n en Chile, supone una permanente renovaci\u00f3n en las posiciones t\u00e9cnico-pol\u00edticas sobre la organizaci\u00f3n territorial y la redistribuci\u00f3n del poder en la administraci\u00f3n del Estado\u201d.<\/p>\n\n\n\n<p>En el marco de este viaje y para abordar asuntos de inter\u00e9s regional, la Delegada Presidencial se reunir\u00e1 con el ministro de Energ\u00eda, Diego Pardow, con el ministro de Econom\u00eda, Nicol\u00e1s Grau y con el Subsecretario de Pesca y Acuicultura, Julio Salas Guti\u00e9rrez.<\/p>\n\n\n\n<p>La preocupaci\u00f3n del gobierno en Magallanes sobre la realidad y perspectivas futuras productivas de la regi\u00f3n, llevan a la Delegada Berm\u00fadez a mantener dichas reuniones con el fin de buscar alternativas de soluci\u00f3n a algunos temas vigentes y relevantes para la regi\u00f3n, como la situaci\u00f3n de la empresa Nova Austral, el conflicto de ENAP Magallanes y los CEOP, las energ\u00edas limpias, todos asuntos que influyen en la econom\u00eda local, prioritarios para la autoridad regional y para el gobierno del Presidente Gabriel Boric.<\/p>\n","protected":false},"excerpt":{"rendered":"<p>Este viernes 17 de marzo la Delegada Presidencial, Luz Berm\u00fadez Sandoval, participar\u00e1 en una Jornada de trabajo que congregar\u00e1 a las autoridades regionales de todo el pa\u00eds, con foco central&#8230; <a class=\"read-more\" href=\"https:\/\/www.radiopresidenteibanez.cl\/web\/delegada-regional-viaja-a-jornada-de-trabajo-en-la-moneda\/\">Leer m\u00e1s<\/a><\/p>\n","protected":false},"author":2,"featured_media":38174,"comment_status":"closed","ping_status":"closed","sticky":false,"template":"","format":"standard","meta":{"footnotes":""},"categories":[1],"tags":[],"class_list":["post-38173","post","type-post","status-publish","format-standard","has-post-thumbnail","hentry","category-cronica"],"_links":{"self":[{"href":"https:\/\/www.radiopresidenteibanez.cl\/web\/wp-json\/wp\/v2\/posts\/38173","targetHints":{"allow":["GET"]}}],"collection":[{"href":"https:\/\/www.radiopresidenteibanez.cl\/web\/wp-json\/wp\/v2\/posts"}],"about":[{"href":"https:\/\/www.radiopresidenteibanez.cl\/web\/wp-json\/wp\/v2\/types\/post"}],"author":[{"embeddable":true,"href":"https:\/\/www.radiopresidenteibanez.cl\/web\/wp-json\/wp\/v2\/users\/2"}],"replies":[{"embeddable":true,"href":"https:\/\/www.radiopresidenteibanez.cl\/web\/wp-json\/wp\/v2\/comments?post=38173"}],"version-history":[{"count":0,"href":"https:\/\/www.radiopresidenteibanez.cl\/web\/wp-json\/wp\/v2\/posts\/38173\/revisions"}],"wp:featuredmedia":[{"embeddable":true,"href":"https:\/\/www.radiopresidenteibanez.cl\/web\/wp-json\/wp\/v2\/media\/38174"}],"wp:attachment":[{"href":"https:\/\/www.radiopresidenteibanez.cl\/web\/wp-json\/wp\/v2\/media?parent=38173"}],"wp:term":[{"taxonomy":"category","embeddable":true,"href":"https:\/\/www.radiopresidenteibanez.cl\/web\/wp-json\/wp\/v2\/categories?post=38173"},{"taxonomy":"post_tag","embeddable":true,"href":"https:\/\/www.radiopresidenteibanez.cl\/web\/wp-json\/wp\/v2\/tags?post=38173"}],"curies":[{"name":"wp","href":"https:\/\/api.w.org\/{rel}","templated":true}]}}