{"id":38167,"date":"2023-03-16T14:13:00","date_gmt":"2023-03-16T17:13:00","guid":{"rendered":"https:\/\/www.radiopresidenteibanez.cl\/web\/?p=38167"},"modified":"2023-03-16T11:54:58","modified_gmt":"2023-03-16T14:54:58","slug":"segegob-invita-a-los-medios-de-comunicacion-regional-a-postular-a-los-fondos-de-comunicacion-social-2023","status":"publish","type":"post","link":"https:\/\/www.radiopresidenteibanez.cl\/web\/segegob-invita-a-los-medios-de-comunicacion-regional-a-postular-a-los-fondos-de-comunicacion-social-2023\/","title":{"rendered":"Segegob invita a los medios de comunicaci\u00f3n regional a postular a los Fondos de Comunicaci\u00f3n Social 2023"},"content":{"rendered":"\n<p>En un nuevo punto de prensa donde participaron el seremi de Gobierno, Andro Mimica, junto a<br>algunos representantes de medios de comunicaci\u00f3n regional, beneficiados por los Fondos de<br>Comunicaci\u00f3n Social de a\u00f1os anteriores, la Secretar\u00eda Regional Ministerial de Gobierno, anunci\u00f3 la<br>apertura de postulaci\u00f3n a la versi\u00f3n 2023.<br>El Fondo de Fomento de Medios de Comunicaci\u00f3n Social tiene por objetivo financiar, en forma<br>complementaria, proyectos relativos a la realizaci\u00f3n, edici\u00f3n y difusi\u00f3n de programas o<br>suplementos de car\u00e1cter regional o local que refuercen el rol de la comunicaci\u00f3n en el desarrollo<br>social y cultural de nuestro pa\u00eds.<br>El seremi de Gobierno, Andro Mimica, explic\u00f3: \u201cDesde el gobierno nosotros tenemos un<br>compromiso en poder estar constantemente en apoyo a los medios de comunicaci\u00f3n. Despu\u00e9s de<br>un largo debate, que se dio en el 2022, y que se recorri\u00f3 de Arica a Magallanes, a trav\u00e9s de<br>Fondos de Medios nacional, se han realizado algunas modificaciones para que puedan tener m\u00e1s<br>acceso de mayor facilidad, los distintos medios de comunicaci\u00f3n, como por ejemplo<br>reorden\u00e1ndolos en distintos grupos. Y para el a\u00f1o 2023 tambi\u00e9n tenemos un incremento de<br>recursos, por lo que hemos pasado de 96 millones de pesos a 104 millones de pesos, que van a<br>estar disponibles para los distintos medios de comunicaci\u00f3n\u201d.<br>El proceso de postulaci\u00f3n de este a\u00f1o comenz\u00f3 el 10 de marzo y la fecha de t\u00e9rmino para la<br>postulaci\u00f3n en papeles el 6 de abril, y para la postulaci\u00f3n por internet el 13 de abril. En el periodo<br>2022 postularon 45 proyectos de distintos soportes, de los cual se adjudicaron 29 proyectos por<br>un total de m\u00e1s de $97 millones de pesos. Para este a\u00f1o se contempla un presupuesto total a<br>distribuir de casi $ 104 millones de pesos.<br>En el punto de prensa para explicar un poco m\u00e1s acerca de estos fondos, nos acompa\u00f1aron dos<br>medios de comunicaci\u00f3n beneficiados durante el 2022. Jorge Mansilla, director de Arte y<br>Marketing de revista \u201cSalud y Buena Vida\u201d y Ana Marlen Guerra de directora del medio digital \u201cTu<\/p>\n\n\n\n<p>Aldea\u201d. Esta \u00faltima entreg\u00f3 su testimonio relatando que \u201cfue un proceso muy amigable. Hay que<br>decir que el equipo en todo momento nos asesor\u00f3. Era nuestra primera vez postulando a estos<br>fondos, y luego vino la formulaci\u00f3n que es muy sencilla, y de esta forma pudimos postular<br>f\u00e1cilmente con un proyecto que para nuestros medios era interesante. Luego vino el desarrollo,<br>que super\u00f3 las expectativas en t\u00e9rminos de audiencia e interacci\u00f3n con el p\u00fablico.<br>Para Jorge de \u201cSalud y Buena Vida\u201d su proyecto fue una excelente oportunidad para hacer \u00e9nfasis<br>en el Covid-19. A dos a\u00f1os de la pandemia intentamos exponer que es lo que hab\u00edamos aprendido<br>y qu\u00e9 nos dej\u00f3. C\u00f3mo nos atac\u00f3 y c\u00f3mo la enfrentamos.<br>Este a\u00f1o la modificaci\u00f3n de las bases permitir\u00e1 un fortalecimiento a los medios regionales, locales<br>y comunitarios, atendiendo a su diversidad de plataformas, adem\u00e1s de sus modelos de gesti\u00f3n y<br>administraci\u00f3n. Entre las modificaciones se encuentra la flexibilizaci\u00f3n de los gastos, es decir, se<br>elimina las restricciones presupuestarias seg\u00fan \u00edtem de gasto (Honorarios, Operaci\u00f3n y Difusi\u00f3n,<br>Equipamiento), permitiendo adem\u00e1s asignar un valor mayor para pago de profesionales (lo que, al<br>ya no tener que presentar CV, podr\u00e1n optar a un monto m\u00e1ximo est\u00e1ndar).<br>Los interesados podr\u00e1n encontrar m\u00e1s informaci\u00f3n en fondodemedios.gob.cl. Adem\u00e1s tendremos<br>capacitaciones digitales: los d\u00eda jueves 16 a las 18:00 hrs. Y mi\u00e9rcoles 22 a las 15:00 hrs. Confirma<br>tu asistencia al correo: fondodemedios@msgg.gob.cl, indic\u00e1ndonos el d\u00eda y horario que prefieres.<\/p>\n","protected":false},"excerpt":{"rendered":"<p>En un nuevo punto de prensa donde participaron el seremi de Gobierno, Andro Mimica, junto aalgunos representantes de medios de comunicaci\u00f3n regional, beneficiados por los Fondos deComunicaci\u00f3n Social de a\u00f1os&#8230; <a class=\"read-more\" href=\"https:\/\/www.radiopresidenteibanez.cl\/web\/segegob-invita-a-los-medios-de-comunicacion-regional-a-postular-a-los-fondos-de-comunicacion-social-2023\/\">Leer m\u00e1s<\/a><\/p>\n","protected":false},"author":2,"featured_media":38168,"comment_status":"closed","ping_status":"closed","sticky":false,"template":"","format":"standard","meta":{"footnotes":""},"categories":[1],"tags":[],"class_list":["post-38167","post","type-post","status-publish","format-standard","has-post-thumbnail","hentry","category-cronica"],"_links":{"self":[{"href":"https:\/\/www.radiopresidenteibanez.cl\/web\/wp-json\/wp\/v2\/posts\/38167","targetHints":{"allow":["GET"]}}],"collection":[{"href":"https:\/\/www.radiopresidenteibanez.cl\/web\/wp-json\/wp\/v2\/posts"}],"about":[{"href":"https:\/\/www.radiopresidenteibanez.cl\/web\/wp-json\/wp\/v2\/types\/post"}],"author":[{"embeddable":true,"href":"https:\/\/www.radiopresidenteibanez.cl\/web\/wp-json\/wp\/v2\/users\/2"}],"replies":[{"embeddable":true,"href":"https:\/\/www.radiopresidenteibanez.cl\/web\/wp-json\/wp\/v2\/comments?post=38167"}],"version-history":[{"count":0,"href":"https:\/\/www.radiopresidenteibanez.cl\/web\/wp-json\/wp\/v2\/posts\/38167\/revisions"}],"wp:featuredmedia":[{"embeddable":true,"href":"https:\/\/www.radiopresidenteibanez.cl\/web\/wp-json\/wp\/v2\/media\/38168"}],"wp:attachment":[{"href":"https:\/\/www.radiopresidenteibanez.cl\/web\/wp-json\/wp\/v2\/media?parent=38167"}],"wp:term":[{"taxonomy":"category","embeddable":true,"href":"https:\/\/www.radiopresidenteibanez.cl\/web\/wp-json\/wp\/v2\/categories?post=38167"},{"taxonomy":"post_tag","embeddable":true,"href":"https:\/\/www.radiopresidenteibanez.cl\/web\/wp-json\/wp\/v2\/tags?post=38167"}],"curies":[{"name":"wp","href":"https:\/\/api.w.org\/{rel}","templated":true}]}}