{"id":38125,"date":"2023-03-15T09:26:00","date_gmt":"2023-03-15T12:26:00","guid":{"rendered":"https:\/\/www.radiopresidenteibanez.cl\/web\/?p=38125"},"modified":"2023-03-15T08:32:26","modified_gmt":"2023-03-15T11:32:26","slug":"ariel-mihovilovic-sobre-ruta-constitucionaltener-un-proceso-mas-breve-y-predecible-disminuye-la-incertidumbre-en-el-pais","status":"publish","type":"post","link":"https:\/\/www.radiopresidenteibanez.cl\/web\/ariel-mihovilovic-sobre-ruta-constitucionaltener-un-proceso-mas-breve-y-predecible-disminuye-la-incertidumbre-en-el-pais\/","title":{"rendered":"<strong>Ariel Mihovilovic sobre ruta Constitucional:<br>\u201cTener un proceso m\u00e1s breve y predecible disminuye la incertidumbre en el pa\u00eds\u201d<\/strong>\u00a0"},"content":{"rendered":"\n<p>El abogado y candidato a Consejero Constitucional se refiri\u00f3 a las diferencias que existen entre el primer proceso Constitucional y el actual, cuyo primer hito fue la instalaci\u00f3n de la Comisi\u00f3n Experta el pasado lunes 6 de marzo.<\/p>\n\n\n\n<p>Al respecto, el docente de la Pontificia Universidad Cat\u00f3lica y m\u00e1ster en Derecho de la Universidad de Harvard, destac\u00f3 los tiempos m\u00e1s acotados de este segundo intento, se\u00f1alando que \u201ctener un proceso m\u00e1s breve disminuye la incertidumbre en el pa\u00eds. El proceso anterior dur\u00f3 m\u00e1s de dos a\u00f1os y ahora ser\u00e1 menos de uno.\u201d<\/p>\n\n\n\n<p>Dijo que tener una discusi\u00f3n constitucional abierta mucho tiempo \u201cno le hace bien a ning\u00fan pa\u00eds, porque genera incertidumbre\u201d. Por lo mismo, considera positivo que este nuevo proceso tenga procedimientos y plazos acotados.<\/p>\n\n\n\n<p>En cuanto a contenidos, explic\u00f3 que en el anterior proceso se part\u00eda de una \u201choja en blanco\u201d que se presta para discusiones refundacionales que nadie quer\u00eda tener, como la relativa a los emblemas nacionales. En contraste, el nuevo proceso tiene como marco general las 12 Bases Constitucionales incluidas en el \u201cAcuerdo por Chile\u201d, las cuales quedaron recogidas en la reforma constitucional que estructura este nuevo proceso.<\/p>\n\n\n\n<p>Mihovilovic tambi\u00e9n destac\u00f3 que en el primer intento por redactar una nueva Constituci\u00f3n exist\u00eda un \u00fanico \u00f3rgano, la Convenci\u00f3n Constituyente, y que ahora existen tres, cada uno con su esfera de atribuciones.<\/p>\n\n\n\n<p>En primer t\u00e9rmino, la Comisi\u00f3n Experta, integrada la Comisi\u00f3n Experta, integrada por 24 personas, cuya funci\u00f3n es preparar un anteproyecto de Constituci\u00f3n que debe estar terminado el 6 de junio, un d\u00eda antes que empiece a funcionar el Consejo Constitucional. Adem\u00e1s, debe asesorar al Consejo Constitucional en el desempe\u00f1o de sus funciones.<\/p>\n\n\n\n<p>La ciudadan\u00eda, en tanto, elige a los 50 integrantes del Consejo Constitucional, m\u00e1s la eventual participaci\u00f3n de pueblos originarios seg\u00fan su votaci\u00f3n. La funci\u00f3n de este \u00f3rgano es revisar y modificar el anteproyecto preparado por Comisi\u00f3n Experta. \u201cAl ser el \u00f3rgano democr\u00e1ticamente elegido, tiene la legitimidad de representar a la ciudadan\u00eda en este proceso. Son los Consejeros quienes tienen el derecho a voto que permitir\u00e1 decidir los contenidos de la Constituci\u00f3n que se va a plebiscitar en diciembre\u201d, explic\u00f3.<\/p>\n\n\n\n<p>La normativa tambi\u00e9n cre\u00f3 al Comit\u00e9 T\u00e9cnico de Admisibilidad, integrado por 14 juristas de destacada trayectoria. \u201cEsta instancia, tambi\u00e9n conocida como los \u00e1rbitros, tiene como \u00fanica funci\u00f3n velar porque el proceso cumpla con las 12 Bases Constitucionales. Por lo tanto, si se aprueba una norma contraria a las 12 Bases, dicha norma debe eliminarse; mientras que si no se incluye una materia que las Bases exigen regular, los \u00e1rbitros deben ordenar su inclusi\u00f3n; todo ello a requerimiento de Consejeros o Expertos, seg\u00fan&nbsp;corresponda\u201d.&nbsp;<\/p>\n\n\n\n<p>Finalmente, Mihovilovic se\u00f1al\u00f3 que, atendida la enorme importancia que tiene este proceso para el pa\u00eds, le parece muy importante que la gente se informe y participe de \u00e9l. De hecho, uno de los ejes iniciales de su campa\u00f1a ha sido la correcta difusi\u00f3n de este proceso al interior del electorado&nbsp;magall\u00e1nico.<\/p>\n","protected":false},"excerpt":{"rendered":"<p>El abogado y candidato a Consejero Constitucional se refiri\u00f3 a las diferencias que existen entre el primer proceso Constitucional y el actual, cuyo primer hito fue la instalaci\u00f3n de la&#8230; <a class=\"read-more\" href=\"https:\/\/www.radiopresidenteibanez.cl\/web\/ariel-mihovilovic-sobre-ruta-constitucionaltener-un-proceso-mas-breve-y-predecible-disminuye-la-incertidumbre-en-el-pais\/\">Leer m\u00e1s<\/a><\/p>\n","protected":false},"author":2,"featured_media":38126,"comment_status":"closed","ping_status":"closed","sticky":false,"template":"","format":"standard","meta":{"footnotes":""},"categories":[1],"tags":[],"class_list":["post-38125","post","type-post","status-publish","format-standard","has-post-thumbnail","hentry","category-cronica"],"_links":{"self":[{"href":"https:\/\/www.radiopresidenteibanez.cl\/web\/wp-json\/wp\/v2\/posts\/38125","targetHints":{"allow":["GET"]}}],"collection":[{"href":"https:\/\/www.radiopresidenteibanez.cl\/web\/wp-json\/wp\/v2\/posts"}],"about":[{"href":"https:\/\/www.radiopresidenteibanez.cl\/web\/wp-json\/wp\/v2\/types\/post"}],"author":[{"embeddable":true,"href":"https:\/\/www.radiopresidenteibanez.cl\/web\/wp-json\/wp\/v2\/users\/2"}],"replies":[{"embeddable":true,"href":"https:\/\/www.radiopresidenteibanez.cl\/web\/wp-json\/wp\/v2\/comments?post=38125"}],"version-history":[{"count":0,"href":"https:\/\/www.radiopresidenteibanez.cl\/web\/wp-json\/wp\/v2\/posts\/38125\/revisions"}],"wp:featuredmedia":[{"embeddable":true,"href":"https:\/\/www.radiopresidenteibanez.cl\/web\/wp-json\/wp\/v2\/media\/38126"}],"wp:attachment":[{"href":"https:\/\/www.radiopresidenteibanez.cl\/web\/wp-json\/wp\/v2\/media?parent=38125"}],"wp:term":[{"taxonomy":"category","embeddable":true,"href":"https:\/\/www.radiopresidenteibanez.cl\/web\/wp-json\/wp\/v2\/categories?post=38125"},{"taxonomy":"post_tag","embeddable":true,"href":"https:\/\/www.radiopresidenteibanez.cl\/web\/wp-json\/wp\/v2\/tags?post=38125"}],"curies":[{"name":"wp","href":"https:\/\/api.w.org\/{rel}","templated":true}]}}