{"id":3812,"date":"2019-05-01T20:47:09","date_gmt":"2019-05-01T20:47:09","guid":{"rendered":"http:\/\/www.radiopresidenteibanez.cl\/web\/?p=3812"},"modified":"2019-05-01T20:47:54","modified_gmt":"2019-05-01T20:47:54","slug":"importantes-obras-nacionales-se-presentan-este-fin-de-semana-en-punta-arenas","status":"publish","type":"post","link":"https:\/\/www.radiopresidenteibanez.cl\/web\/importantes-obras-nacionales-se-presentan-este-fin-de-semana-en-punta-arenas\/","title":{"rendered":"IMPORTANTES OBRAS NACIONALES SE PRESENTAN ESTE FIN DE SEMANA EN PUNTA ARENAS"},"content":{"rendered":"\n<p>Con dos relevantes montajes continuar\u00e1, este fin de semana,\nla Cartelera Cultural preparada por el Municipio de Punta Arenas. Se trata de\nla obra Un Jard\u00edn Secreto, protagonizada por Consuelo Holzapfel y Humberto\nGallardo, que trata acerca de una pareja de esposos que, debido al alzheimer,\nse olvidan de su relaci\u00f3n. Sin embargo, pese a ello, intentan recordar los\nmomentos de felicidad que han pasado juntos. El montaje se llevar\u00e1 a cabo el\ns\u00e1bado (4 de mayo), a las 19 horas, en el Centro Cultural de Punta Arenas.<\/p>\n\n\n\n<p>En tanto, el domingo (5 de mayo), se presentar\u00e1 el\nreconocido musical autobiogr\u00e1fico La Negra Ester, que llega a la capital\nregional en el marco de la celebraci\u00f3n de sus 30 a\u00f1os en escena. \u201cEs una obra\nque siempre genera mucho inter\u00e9s y mucha convocatoria del p\u00fablico. Esperamos\nque en esta oportunidad sea tambi\u00e9n as\u00ed, por lo que invitamos a toda la\ncomunidad a sumarse y asistir a este evento, que es importante y de mucho inter\u00e9s\nen todo el p\u00fablico\u201d, indic\u00f3 la Directora de Desarrollo Comunitario del\nMunicipio de Punta Arenas, Elena Blackwood, agregando que la presentaci\u00f3n se\nrealizar\u00e1 a las 19 horas, en el gimnasio del Liceo Mar\u00eda Behety. <\/p>\n\n\n\n<p>Las invitaciones para ambos espect\u00e1culos ser\u00e1n distribuidas de manera gratuita este jueves y viernes (2 y 3 de mayo), entre las 15 y 19 horas, en las boleter\u00edas del Teatro Municipal y en el supermercado Unimarc Sur.<\/p>\n\n\n\n<figure class=\"wp-block-image\"><img loading=\"lazy\" decoding=\"async\" width=\"900\" height=\"562\" src=\"https:\/\/www.radiopresidenteibanez.cl\/web\/wp-content\/uploads\/2019\/05\/La-Negra-Ester.jpg\" alt=\"\" class=\"wp-image-3813\" srcset=\"https:\/\/www.radiopresidenteibanez.cl\/web\/wp-content\/uploads\/2019\/05\/La-Negra-Ester.jpg 900w, https:\/\/www.radiopresidenteibanez.cl\/web\/wp-content\/uploads\/2019\/05\/La-Negra-Ester-300x187.jpg 300w, https:\/\/www.radiopresidenteibanez.cl\/web\/wp-content\/uploads\/2019\/05\/La-Negra-Ester-768x480.jpg 768w\" sizes=\"auto, (max-width: 900px) 100vw, 900px\" \/><\/figure>\n","protected":false},"excerpt":{"rendered":"<p>Con dos relevantes montajes continuar\u00e1, este fin de semana, la Cartelera Cultural preparada por el Municipio de Punta Arenas. Se trata de la obra Un Jard\u00edn Secreto, protagonizada por Consuelo&#8230; <a class=\"read-more\" href=\"https:\/\/www.radiopresidenteibanez.cl\/web\/importantes-obras-nacionales-se-presentan-este-fin-de-semana-en-punta-arenas\/\">Leer m\u00e1s<\/a><\/p>\n","protected":false},"author":2,"featured_media":3813,"comment_status":"closed","ping_status":"closed","sticky":false,"template":"","format":"standard","meta":{"footnotes":""},"categories":[1],"tags":[],"class_list":["post-3812","post","type-post","status-publish","format-standard","has-post-thumbnail","hentry","category-cronica"],"_links":{"self":[{"href":"https:\/\/www.radiopresidenteibanez.cl\/web\/wp-json\/wp\/v2\/posts\/3812","targetHints":{"allow":["GET"]}}],"collection":[{"href":"https:\/\/www.radiopresidenteibanez.cl\/web\/wp-json\/wp\/v2\/posts"}],"about":[{"href":"https:\/\/www.radiopresidenteibanez.cl\/web\/wp-json\/wp\/v2\/types\/post"}],"author":[{"embeddable":true,"href":"https:\/\/www.radiopresidenteibanez.cl\/web\/wp-json\/wp\/v2\/users\/2"}],"replies":[{"embeddable":true,"href":"https:\/\/www.radiopresidenteibanez.cl\/web\/wp-json\/wp\/v2\/comments?post=3812"}],"version-history":[{"count":0,"href":"https:\/\/www.radiopresidenteibanez.cl\/web\/wp-json\/wp\/v2\/posts\/3812\/revisions"}],"wp:featuredmedia":[{"embeddable":true,"href":"https:\/\/www.radiopresidenteibanez.cl\/web\/wp-json\/wp\/v2\/media\/3813"}],"wp:attachment":[{"href":"https:\/\/www.radiopresidenteibanez.cl\/web\/wp-json\/wp\/v2\/media?parent=3812"}],"wp:term":[{"taxonomy":"category","embeddable":true,"href":"https:\/\/www.radiopresidenteibanez.cl\/web\/wp-json\/wp\/v2\/categories?post=3812"},{"taxonomy":"post_tag","embeddable":true,"href":"https:\/\/www.radiopresidenteibanez.cl\/web\/wp-json\/wp\/v2\/tags?post=3812"}],"curies":[{"name":"wp","href":"https:\/\/api.w.org\/{rel}","templated":true}]}}