{"id":38119,"date":"2023-03-14T18:55:00","date_gmt":"2023-03-14T21:55:00","guid":{"rendered":"https:\/\/www.radiopresidenteibanez.cl\/web\/?p=38119"},"modified":"2023-03-14T16:45:37","modified_gmt":"2023-03-14T19:45:37","slug":"familias-del-sector-camino-a-dorotea-seran-beneficiadas-con-proyecto-de-electrificacion-tras-firma-de-contrato-entre-el-gobierno-regional-y-edelmag","status":"publish","type":"post","link":"https:\/\/www.radiopresidenteibanez.cl\/web\/familias-del-sector-camino-a-dorotea-seran-beneficiadas-con-proyecto-de-electrificacion-tras-firma-de-contrato-entre-el-gobierno-regional-y-edelmag\/","title":{"rendered":"<strong>Familias del sector camino a Dorotea ser\u00e1n beneficiadas con proyecto de electrificaci\u00f3n tras firma de contrato entre el Gobierno Regional y Edelmag<\/strong>"},"content":{"rendered":"\n<p>30 viviendas de las zonas aleda\u00f1as al cruce de la Ruta 9 y Ruta 250 CH del sector Jineteada y sector Transportes L\u00f3pez se ver\u00e1n favorecidas con el servicio de electrificaci\u00f3n que contar\u00e1 con las mismas condiciones de seguridad y calidad que la parte urbana de Natales gracias al contrato firmado entre el GORE Magallanes y la empresa Edelmag.<\/p>\n\n\n\n<p>\u201cFirmamos un convenio que ten\u00eda varios a\u00f1os de petici\u00f3n. Este primer convenio nos abre una puerta gigantesca de todas las necesidades que hay de luz el\u00e9ctrica en el territorio. Esta es una medida y un mecanismo que nos permitir\u00e1 solucionar muchos problemas en este \u00e1mbito\u201d declar\u00f3 el Gobernador Jorge Flies.<\/p>\n\n\n\n<p>El costo del proyecto alcanza los 386 millones de pesos que son aportados por el Gobierno Regional que, con este convenio, pretende retomar el trabajo de extensi\u00f3n del servicio a los sectores periurbanos y rurales en la regi\u00f3n que inici\u00f3 el 2017.<\/p>\n\n\n\n<p>\u201cNo solo queremos llegar con el suministro, sino que dar un suministro estable y continuo. Ahora vamos a desarrollar lo que tiene ver con la construcci\u00f3n con la red de media y baja tensi\u00f3n y transformadores para llegar a cada uno de los beneficiarios\u201d coment\u00f3 Miguel Castillo, Gerente General de Edelmag.<\/p>\n\n\n\n<p>Gracias a esta iniciativa el sector no solo tendr\u00e1 alumbrado p\u00fablico, sino que tambi\u00e9n podr\u00e1n disfrutar de las comodidades que significa la energ\u00eda el\u00e9ctrica como la mantenci\u00f3n de alimentos, utilizaci\u00f3n de electrodom\u00e9sticos, entretenci\u00f3n, entre otras \u00e1reas.<\/p>\n","protected":false},"excerpt":{"rendered":"<p>30 viviendas de las zonas aleda\u00f1as al cruce de la Ruta 9 y Ruta 250 CH del sector Jineteada y sector Transportes L\u00f3pez se ver\u00e1n favorecidas con el servicio de&#8230; <a class=\"read-more\" href=\"https:\/\/www.radiopresidenteibanez.cl\/web\/familias-del-sector-camino-a-dorotea-seran-beneficiadas-con-proyecto-de-electrificacion-tras-firma-de-contrato-entre-el-gobierno-regional-y-edelmag\/\">Leer m\u00e1s<\/a><\/p>\n","protected":false},"author":2,"featured_media":38120,"comment_status":"closed","ping_status":"closed","sticky":false,"template":"","format":"standard","meta":{"footnotes":""},"categories":[1],"tags":[],"class_list":["post-38119","post","type-post","status-publish","format-standard","has-post-thumbnail","hentry","category-cronica"],"_links":{"self":[{"href":"https:\/\/www.radiopresidenteibanez.cl\/web\/wp-json\/wp\/v2\/posts\/38119","targetHints":{"allow":["GET"]}}],"collection":[{"href":"https:\/\/www.radiopresidenteibanez.cl\/web\/wp-json\/wp\/v2\/posts"}],"about":[{"href":"https:\/\/www.radiopresidenteibanez.cl\/web\/wp-json\/wp\/v2\/types\/post"}],"author":[{"embeddable":true,"href":"https:\/\/www.radiopresidenteibanez.cl\/web\/wp-json\/wp\/v2\/users\/2"}],"replies":[{"embeddable":true,"href":"https:\/\/www.radiopresidenteibanez.cl\/web\/wp-json\/wp\/v2\/comments?post=38119"}],"version-history":[{"count":0,"href":"https:\/\/www.radiopresidenteibanez.cl\/web\/wp-json\/wp\/v2\/posts\/38119\/revisions"}],"wp:featuredmedia":[{"embeddable":true,"href":"https:\/\/www.radiopresidenteibanez.cl\/web\/wp-json\/wp\/v2\/media\/38120"}],"wp:attachment":[{"href":"https:\/\/www.radiopresidenteibanez.cl\/web\/wp-json\/wp\/v2\/media?parent=38119"}],"wp:term":[{"taxonomy":"category","embeddable":true,"href":"https:\/\/www.radiopresidenteibanez.cl\/web\/wp-json\/wp\/v2\/categories?post=38119"},{"taxonomy":"post_tag","embeddable":true,"href":"https:\/\/www.radiopresidenteibanez.cl\/web\/wp-json\/wp\/v2\/tags?post=38119"}],"curies":[{"name":"wp","href":"https:\/\/api.w.org\/{rel}","templated":true}]}}