{"id":38102,"date":"2023-03-14T11:27:00","date_gmt":"2023-03-14T14:27:00","guid":{"rendered":"https:\/\/www.radiopresidenteibanez.cl\/web\/?p=38102"},"modified":"2023-03-14T09:01:37","modified_gmt":"2023-03-14T12:01:37","slug":"fundacion-teraike-lanza-su-concurso-regional-escolar-2023-jovenes-talentos-de-magallanes-heroes-del-fin-del-mundo","status":"publish","type":"post","link":"https:\/\/www.radiopresidenteibanez.cl\/web\/fundacion-teraike-lanza-su-concurso-regional-escolar-2023-jovenes-talentos-de-magallanes-heroes-del-fin-del-mundo\/","title":{"rendered":"Fundaci\u00f3n Teraike lanza su concurso regional escolar 2023 \u201cJ\u00f3venes talentos de Magallanes, h\u00e9roes del fin del mundo\u201d"},"content":{"rendered":"\n<p>Fundaci\u00f3n Teraike quiso invitar este a\u00f1o a los escolares de la regi\u00f3n a salir al<br>encuentro del otro y descubrir el valor en cada persona, escribiendo historias<br>sobre personajes, del pasado o presente, que han dejado una huella en la regi\u00f3n o<br>bien influido de manera positiva en su entorno.<br>Ya est\u00e1n abiertas las postulaciones de la etapa de escritura, donde pueden<br>participar estudiantes entre 8 y 18 a\u00f1os quienes deber\u00e1n enviar un cuento corto<br>que transcurra en la regi\u00f3n. Los cuentos se env\u00edan a trav\u00e9s del sitio web<br>www.fundacionteraike.cl, donde podr\u00e1n encontrar las bases. El plazo de recepci\u00f3n<br>vence el 23 de abril.<br>\u201cEste a\u00f1o, adem\u00e1s de nuestro objetivo de promover la lecto-escritura, creatividad y<br>pensamiento cr\u00edtico, queremos invitar a los estudiantes a buscar historias<br>inspiradoras y reflexionar sobre el aporte que cada persona puede hacer desde su<br>\u00e1mbito de acci\u00f3n. Invitamos tambi\u00e9n a los docentes a aprovechar el concurso<br>como una instancia entretenida para fomentar la lecto-escritura y tambi\u00e9n los<br>aprendizajes en otras \u00e1reas como la historia y el arte\u201d, explic\u00f3 la directora<br>ejecutiva de Fundaci\u00f3n Teraike, Francisca Vogt.<br>Los cuentos ganadores del concurso \u201cJ\u00f3venes talentos de Magallanes, naturaleza<br>austral\u201d ser\u00e1n publicados el 30 de mayo para dar inicio a la etapa de ilustraci\u00f3n<br>donde los escolares de entre 5 y 18 a\u00f1os deber\u00e1n ilustrar los trabajos ganadores<br>de acuerdo a su categor\u00eda. Las obras premiadas ser\u00e1n publicadas en un libro<br>biling\u00fce que es donado en todos los establecimientos educacionales y bibliotecas<br>p\u00fablicas de la regi\u00f3n, adem\u00e1s de estar a la venta en varios puntos de Magallanes.<br>Esto con el fin de llegar al p\u00fablico local y tambi\u00e9n extranjero y as\u00ed ampliar el<br>alcance del trabajo de los j\u00f3venes talentos de Magallanes quienes, a trav\u00e9s de sus<br>miradas, dan a conocer la regi\u00f3n fuera de nuestras fronteras.<br>El jurado de la etapa de escritura est\u00e1 compuesto por Rosamar\u00eda Solar, editora,<br>escritora y muse\u00f3grafa magall\u00e1nica; Elia Simenone, jefa de cr\u00f3nica de La Prensa<br>Austral y presidenta de la Organizaci\u00f3n mundial de mujeres periodistas y<br>escritoras; Pavel Oyarz\u00fan, escritor, poeta y profesor magall\u00e1nico; Laura Cena,<br>estudiante del Liceo Contardi, ganadora del concurso \u201cJ\u00f3venes talentos de<\/p>\n\n\n\n<p>Magallanes\u201d en varias ocasiones desde 2017 y Mar\u00eda Teresa Palma, directora de<br>Fundaci\u00f3n Teraike.<br>Los ganadores del concurso, adem\u00e1s de convertirse en autores del libro 2023,<br>recibir\u00e1n atractivos premios, entre ellos tablet, libros acorde a la edad, materiales<br>de arte y otros regalos sorpresa. Tambi\u00e9n ser\u00e1n premiados con experiencias<br>educativas donadas por Parque del Estrecho y la Armada de Chile.<br>Los trabajos ganadores del concurso 2022 ser\u00e1n expuestos en el Centro Cultural<br>Natalis, en Puerto Natales, el 21 de marzo donde podr\u00e1n ser visitados hasta el 14<br>de abril.<br>El libro \u201cJ\u00f3venes talentos de Magallanes, naturaleza austral\u201d resultado del<br>concurso 2022, est\u00e1 disponible para la venta en librer\u00eda Qu\u00e9 Leo Punta Arenas,<br>Librer\u00edas Marangunic de Punta Arenas y Puerto Natales y en Librer\u00eda Vieja<br>Patagonia en Punta Arenas. Adem\u00e1s, se puede descargar de forma gratuita desde<br>el sitio web de la fundaci\u00f3n.<\/p>\n","protected":false},"excerpt":{"rendered":"<p>Fundaci\u00f3n Teraike quiso invitar este a\u00f1o a los escolares de la regi\u00f3n a salir alencuentro del otro y descubrir el valor en cada persona, escribiendo historiassobre personajes, del pasado o&#8230; <a class=\"read-more\" href=\"https:\/\/www.radiopresidenteibanez.cl\/web\/fundacion-teraike-lanza-su-concurso-regional-escolar-2023-jovenes-talentos-de-magallanes-heroes-del-fin-del-mundo\/\">Leer m\u00e1s<\/a><\/p>\n","protected":false},"author":2,"featured_media":38103,"comment_status":"closed","ping_status":"closed","sticky":false,"template":"","format":"standard","meta":{"footnotes":""},"categories":[1],"tags":[],"class_list":["post-38102","post","type-post","status-publish","format-standard","has-post-thumbnail","hentry","category-cronica"],"_links":{"self":[{"href":"https:\/\/www.radiopresidenteibanez.cl\/web\/wp-json\/wp\/v2\/posts\/38102","targetHints":{"allow":["GET"]}}],"collection":[{"href":"https:\/\/www.radiopresidenteibanez.cl\/web\/wp-json\/wp\/v2\/posts"}],"about":[{"href":"https:\/\/www.radiopresidenteibanez.cl\/web\/wp-json\/wp\/v2\/types\/post"}],"author":[{"embeddable":true,"href":"https:\/\/www.radiopresidenteibanez.cl\/web\/wp-json\/wp\/v2\/users\/2"}],"replies":[{"embeddable":true,"href":"https:\/\/www.radiopresidenteibanez.cl\/web\/wp-json\/wp\/v2\/comments?post=38102"}],"version-history":[{"count":0,"href":"https:\/\/www.radiopresidenteibanez.cl\/web\/wp-json\/wp\/v2\/posts\/38102\/revisions"}],"wp:featuredmedia":[{"embeddable":true,"href":"https:\/\/www.radiopresidenteibanez.cl\/web\/wp-json\/wp\/v2\/media\/38103"}],"wp:attachment":[{"href":"https:\/\/www.radiopresidenteibanez.cl\/web\/wp-json\/wp\/v2\/media?parent=38102"}],"wp:term":[{"taxonomy":"category","embeddable":true,"href":"https:\/\/www.radiopresidenteibanez.cl\/web\/wp-json\/wp\/v2\/categories?post=38102"},{"taxonomy":"post_tag","embeddable":true,"href":"https:\/\/www.radiopresidenteibanez.cl\/web\/wp-json\/wp\/v2\/tags?post=38102"}],"curies":[{"name":"wp","href":"https:\/\/api.w.org\/{rel}","templated":true}]}}