{"id":38096,"date":"2023-03-14T10:35:00","date_gmt":"2023-03-14T13:35:00","guid":{"rendered":"https:\/\/www.radiopresidenteibanez.cl\/web\/?p=38096"},"modified":"2023-03-14T08:54:31","modified_gmt":"2023-03-14T11:54:31","slug":"andare-por-los-cerros-selvas-y-pampas-toda-la-vida-arrimandole-coplas-a-tu-esperanza-tierra-querida-canta-jorge-cafrune","status":"publish","type":"post","link":"https:\/\/www.radiopresidenteibanez.cl\/web\/andare-por-los-cerros-selvas-y-pampas-toda-la-vida-arrimandole-coplas-a-tu-esperanza-tierra-querida-canta-jorge-cafrune\/","title":{"rendered":"\u00ab..Andar\u00e9 por los cerros, selvas y pampas toda la vida arrimandole coplas a tu esperanza, tierra querida..\u00bb canta Jorge Cafrune"},"content":{"rendered":"\n<p>Culminamos con este Pulso la entrega de algunas recomendaciones importantes para aquellos trabajadores que se ven afectados por un despido. Siempre sera bueno insistir que si no recibe carta de despido por parte de su empleador, tiene que concurrir a la Inspecci\u00f3n del Trabajo correspondiente a su lugar de trabajo y poner all\u00ed el reclamo. No crea cuando le digan que la carta de despido llegar\u00e1 a su hogar pues la empresa tiene la obligaci\u00f3n de notificarlo por escrito. Si no lo hace y usted no pone el reclamo, mas adelante podr\u00eda encontrarse con que fue despedido por abandono de trabajo u otra causal que impida el cobro de indemnizaci\u00f3n. Los datos que faltaban:<\/p>\n\n\n\n<p>Si su reclamo por lo adeudado es inferior a 15 ingresos m\u00ednimos mensuales (sin considerar si hay imposiciones no pagadas) puede ser visto en una audiencia procedimiento al que se llama juicio monitorio, si lo reclamado es superior a 15 IMM, el juicio es el de aplicaci\u00f3n general y se celebrar\u00e1n dos audiencias.<br>Si su \u00faltima remuneraci\u00f3n mensual por 30 d\u00edas es igual o inferior a 2,36 ingresos m\u00ednimos, el fiscalizador le indicar\u00e1 que debe recurrir a la Defensor\u00eda Laboral. Si en su ciudad no hay Defensor\u00eda podr\u00e1 ser atendido por la Corporaci\u00f3n de Asistencia Judicial.<br>Si usted tiene ingresos superiores a 2,36 ingresos m\u00ednimos, siempre deber\u00e1 buscar un abogado particular para que lo asesore.<br>Siempre debe demandar con patrocinio de abogado, sea juicio monitorio o de aplicaci\u00f3n general (sea hasta 15 IMM o superior). No contrate a aquellos abogados a los que hacen propaganda a la salida de las inspecci\u00f3n, tampoco un abogado laboralista particular.<br>En el primer caso puede ser estafado ya que act\u00faan intermediarios e incluso algunos piden un abono para iniciar el tr\u00e1mite. En el caso del particular podr\u00eda tener que pagar un honorario entre el 25% y el 35%. El abogado le indicar\u00e1 los documentos que necesita y le pedir\u00e1 informaci\u00f3n para preparar una buena demanda. No omita ninguna informaci\u00f3n.<\/p>\n\n\n\n<p>Todas las organizaciones deben contar con abogados que le apoyen y orienten en este y otros tr\u00e1mites.<br>Los dirigentes tenemos la obligacion de guiar a nuestra bases y a todo aquel que lo solicite de la mejor, solo as\u00ed se recuperar la confianza en la organizaci\u00f3n clasista.<\/p>\n","protected":false},"excerpt":{"rendered":"<p>Culminamos con este Pulso la entrega de algunas recomendaciones importantes para aquellos trabajadores que se ven afectados por un despido. Siempre sera bueno insistir que si no recibe carta de&#8230; <a class=\"read-more\" href=\"https:\/\/www.radiopresidenteibanez.cl\/web\/andare-por-los-cerros-selvas-y-pampas-toda-la-vida-arrimandole-coplas-a-tu-esperanza-tierra-querida-canta-jorge-cafrune\/\">Leer m\u00e1s<\/a><\/p>\n","protected":false},"author":2,"featured_media":38097,"comment_status":"closed","ping_status":"closed","sticky":false,"template":"","format":"standard","meta":{"footnotes":""},"categories":[1],"tags":[],"class_list":["post-38096","post","type-post","status-publish","format-standard","has-post-thumbnail","hentry","category-cronica"],"_links":{"self":[{"href":"https:\/\/www.radiopresidenteibanez.cl\/web\/wp-json\/wp\/v2\/posts\/38096","targetHints":{"allow":["GET"]}}],"collection":[{"href":"https:\/\/www.radiopresidenteibanez.cl\/web\/wp-json\/wp\/v2\/posts"}],"about":[{"href":"https:\/\/www.radiopresidenteibanez.cl\/web\/wp-json\/wp\/v2\/types\/post"}],"author":[{"embeddable":true,"href":"https:\/\/www.radiopresidenteibanez.cl\/web\/wp-json\/wp\/v2\/users\/2"}],"replies":[{"embeddable":true,"href":"https:\/\/www.radiopresidenteibanez.cl\/web\/wp-json\/wp\/v2\/comments?post=38096"}],"version-history":[{"count":0,"href":"https:\/\/www.radiopresidenteibanez.cl\/web\/wp-json\/wp\/v2\/posts\/38096\/revisions"}],"wp:featuredmedia":[{"embeddable":true,"href":"https:\/\/www.radiopresidenteibanez.cl\/web\/wp-json\/wp\/v2\/media\/38097"}],"wp:attachment":[{"href":"https:\/\/www.radiopresidenteibanez.cl\/web\/wp-json\/wp\/v2\/media?parent=38096"}],"wp:term":[{"taxonomy":"category","embeddable":true,"href":"https:\/\/www.radiopresidenteibanez.cl\/web\/wp-json\/wp\/v2\/categories?post=38096"},{"taxonomy":"post_tag","embeddable":true,"href":"https:\/\/www.radiopresidenteibanez.cl\/web\/wp-json\/wp\/v2\/tags?post=38096"}],"curies":[{"name":"wp","href":"https:\/\/api.w.org\/{rel}","templated":true}]}}