{"id":38093,"date":"2023-03-14T09:45:00","date_gmt":"2023-03-14T12:45:00","guid":{"rendered":"https:\/\/www.radiopresidenteibanez.cl\/web\/?p=38093"},"modified":"2023-03-14T08:51:12","modified_gmt":"2023-03-14T11:51:12","slug":"consejo-regional-aprueba-el-incremento-de-recursos-a-la-reposicion-del-carro-de-bomba-del-aerodromo-en-puerto-natales","status":"publish","type":"post","link":"https:\/\/www.radiopresidenteibanez.cl\/web\/consejo-regional-aprueba-el-incremento-de-recursos-a-la-reposicion-del-carro-de-bomba-del-aerodromo-en-puerto-natales\/","title":{"rendered":"Consejo Regional aprueba el incremento de recursos a la reposici\u00f3n del carro de bomba del aer\u00f3dromo en Puerto Natales"},"content":{"rendered":"\n<p>CORES aprueban con unanimidad el incremento de recursos al proyecto denominado;<br>\u2018\u2019Reposici\u00f3n carro extinci\u00f3n de incendios Aer\u00f3dromo Teniente Julio Gallardo\u2019\u2019 para la provincia de<br>Ultima Esperanza en la ciudad de Puerto Natales.<br>Dicha sanci\u00f3n se refiere a un suplemento de recursos, ya que el acuerdo data del a\u00f1o 2021.,\u2019\u2019el<br>carro estaba financiado en su oportunidad, y esto es un incremento de recursos, ya que tiene un<br>valor sobre los mil millones, entonces hoy d\u00eda lo que se ha aprobado es el incremento para que en<br>este caso el Aer\u00f3dromo Teniente Gallardo pueda cumplir con los objetivos\u2019\u2019. Manifest\u00f3 el<br>Consejero y Presidente de la Comisi\u00f3n de Infraestructura Andr\u00e9s L\u00f3pez E.<br>En la actualidad la central posee un carro de bomba que ha cumplido 37 a\u00f1os de servicio, periodo<br>que sobrepasa la vida \u00fatil de la maquinaria causando bajas en el rendimiento.<br>El incremento tiene un monto total de M$324.138, suma compuesta de M$150.186 por la<br>actualizaci\u00f3n de la moneda y M$173.952 los que equivalen al 20% factible a incrementar, en<br>resumen el costo total del carro es de M$1.043.711<\/p>\n","protected":false},"excerpt":{"rendered":"<p>CORES aprueban con unanimidad el incremento de recursos al proyecto denominado;\u2018\u2019Reposici\u00f3n carro extinci\u00f3n de incendios Aer\u00f3dromo Teniente Julio Gallardo\u2019\u2019 para la provincia deUltima Esperanza en la ciudad de Puerto Natales.Dicha&#8230; <a class=\"read-more\" href=\"https:\/\/www.radiopresidenteibanez.cl\/web\/consejo-regional-aprueba-el-incremento-de-recursos-a-la-reposicion-del-carro-de-bomba-del-aerodromo-en-puerto-natales\/\">Leer m\u00e1s<\/a><\/p>\n","protected":false},"author":2,"featured_media":38094,"comment_status":"closed","ping_status":"closed","sticky":false,"template":"","format":"standard","meta":{"footnotes":""},"categories":[1],"tags":[],"class_list":["post-38093","post","type-post","status-publish","format-standard","has-post-thumbnail","hentry","category-cronica"],"_links":{"self":[{"href":"https:\/\/www.radiopresidenteibanez.cl\/web\/wp-json\/wp\/v2\/posts\/38093","targetHints":{"allow":["GET"]}}],"collection":[{"href":"https:\/\/www.radiopresidenteibanez.cl\/web\/wp-json\/wp\/v2\/posts"}],"about":[{"href":"https:\/\/www.radiopresidenteibanez.cl\/web\/wp-json\/wp\/v2\/types\/post"}],"author":[{"embeddable":true,"href":"https:\/\/www.radiopresidenteibanez.cl\/web\/wp-json\/wp\/v2\/users\/2"}],"replies":[{"embeddable":true,"href":"https:\/\/www.radiopresidenteibanez.cl\/web\/wp-json\/wp\/v2\/comments?post=38093"}],"version-history":[{"count":0,"href":"https:\/\/www.radiopresidenteibanez.cl\/web\/wp-json\/wp\/v2\/posts\/38093\/revisions"}],"wp:featuredmedia":[{"embeddable":true,"href":"https:\/\/www.radiopresidenteibanez.cl\/web\/wp-json\/wp\/v2\/media\/38094"}],"wp:attachment":[{"href":"https:\/\/www.radiopresidenteibanez.cl\/web\/wp-json\/wp\/v2\/media?parent=38093"}],"wp:term":[{"taxonomy":"category","embeddable":true,"href":"https:\/\/www.radiopresidenteibanez.cl\/web\/wp-json\/wp\/v2\/categories?post=38093"},{"taxonomy":"post_tag","embeddable":true,"href":"https:\/\/www.radiopresidenteibanez.cl\/web\/wp-json\/wp\/v2\/tags?post=38093"}],"curies":[{"name":"wp","href":"https:\/\/api.w.org\/{rel}","templated":true}]}}