{"id":38090,"date":"2023-03-14T08:38:46","date_gmt":"2023-03-14T11:38:46","guid":{"rendered":"https:\/\/www.radiopresidenteibanez.cl\/web\/?p=38090"},"modified":"2023-03-14T08:38:53","modified_gmt":"2023-03-14T11:38:53","slug":"director-nacional-de-indap-valora-y-defiende-propuesta-de-convenio-con-gobierno-regional-de-magallanes","status":"publish","type":"post","link":"https:\/\/www.radiopresidenteibanez.cl\/web\/director-nacional-de-indap-valora-y-defiende-propuesta-de-convenio-con-gobierno-regional-de-magallanes\/","title":{"rendered":"<strong>Director nacional de INDAP valora y defiende propuesta de convenio con gobierno regional de Magallanes<\/strong>"},"content":{"rendered":"\n<p>Cambio clim\u00e1tico, necesidad de un local permanente, elevados costos de infraestructura agr\u00edcola, insumos y falta de terrenos para potenciar la agricultura fueron algunos de los temas analizados entre el director nacional de INDAP, Santiago Rojas, autoridades regionales y dirigentes campesinos de la regi\u00f3n de Magallanes.&nbsp;<\/p>\n\n\n\n<p>Tras escuchar atentamente las intervenciones de los&nbsp;dirigentes&nbsp;del&nbsp;Consejo Asesor Campesino, CAR, y la presidenta de la Mesa de J\u00f3venes Rurales, la m\u00e1xima autoridad&nbsp;nacional&nbsp;de INDAP fue despejando cada uno de los problemas presentados.&nbsp;&nbsp;<\/p>\n\n\n\n<p>Respecto a la sequ\u00eda se inform\u00f3 de la compra de 60 estanques acumuladores de agua, iniciativa que se va a potenciar con la presentaci\u00f3n de un convenio de programaci\u00f3n con el Gobierno Regional.&nbsp;&nbsp;&nbsp;<\/p>\n\n\n\n<p>De concretarse el acuerdo, los fondos para apoyar a la Agricultura Familiar Campesina llegar\u00eda a los 3 mil millones de pesos durante un per\u00edodo de tres a\u00f1os.&nbsp;&nbsp;&nbsp;<\/p>\n\n\n\n<p>Ya&nbsp;existe&nbsp;en la historia de la zona&nbsp;una experiencia exitosa de convenio entre INDAP y el Gobierno Regional de Magallanes, entre el&nbsp;2017 y 2020.&nbsp;<\/p>\n\n\n\n<p>\u201cHoy, en el Gobierno de Gabriel Boric, creemos que es necesario aumentar los actuales ritmos&nbsp;de&nbsp;inversi\u00f3n, y darle vida a un&nbsp;segundo convenio. Nos queda la tarea&nbsp;de&nbsp;trabajar como un bloque, articulando una misma idea y pensamiento, con objetivos comunes, con&nbsp;decisiones que a la larga ayuden a mejorar la agricultura en su conjunto&nbsp;y fortalezcan la soberan\u00eda alimentaria de Magallanes\u201d, expres\u00f3 Santiago Rojas, director nacional de INDAP.&nbsp;&nbsp;&nbsp;&nbsp;<\/p>\n\n\n\n<p>En tanto, en comercializaci\u00f3n se acord\u00f3 trabajar en conjunto -autoridades y campesinos- la mejor alternativa para definir un lugar de venta durante la pr\u00f3xima temporada.&nbsp;<\/p>\n\n\n\n<p>Santiago Rojas inst\u00f3 a los agricultores a fortalecer sus organizaciones y construir una hoja de ruta conjunta y a aprovechar al m\u00e1ximo la oferta del Estado, as\u00ed tambi\u00e9n a los servicios p\u00fablicos presentes los invit\u00f3 a trabajar de manera coordinada e intersectorial.&nbsp;<\/p>\n\n\n\n<p>Por su parte, la presidenta del&nbsp;Consejo Asesor Regional, CAR, Patricia Delgado, expres\u00f3 que \u201cvolvemos a&nbsp;confiar y esperamos que esta vez s\u00ed podamos dar un salto potente que favorezca a la agricultura regional\u201d.&nbsp;&nbsp;<\/p>\n\n\n\n<p>La actividad desarrollada en la junta de vecinos de Villa Generosa cont\u00f3 adem\u00e1s con la participaci\u00f3n del seremi de Desarrollo Social y Familia, Danilo Mimica, Seremi de Agricultura, Irene Ram\u00edrez, director regional de INDAP, Gabriel Zegers, y asesores t\u00e9cnicos de la zona, y funcionarios.&nbsp;<\/p>\n\n\n\n<p><strong>Visita a predio modelo&nbsp;<\/strong><\/p>\n\n\n\n<p>Una vez terminada la reuni\u00f3n, las autoridades recorrieron la parcela de la usuaria Rosa C\u00e1rdenas. Se trata de un predio modelo 100% hort\u00edcola y altamente intensivo, donde la mayor parte de la superficie de 5.000 m2 de la parcela se encuentra bajo invernaderos, construidos por la usuaria y su marido y co-financiados por INDAP. &nbsp;<\/p>\n\n\n\n<p>\u201cNo es f\u00e1cil la agricultura, principalmente por los vientos y las heladas que pueden quemar las siembras. Por eso estamos siempre capacit\u00e1ndonos, y tratando de mejorar.&nbsp; En Magallanes ser\u00eda imposible practicar la agricultura sin el apoyo de INDAP\u201d, explic\u00f3 C\u00e1rdenas.&nbsp;<\/p>\n\n\n\n<p>En este sentido, C\u00e1rdenas es una de las impulsoras del uso de los invernaderos de metalcon y policarbonato en la regi\u00f3n.&nbsp; Ha logrado con ingenio crear modelos propios, innovando en la estructura de los invernaderos y alcanzando mayor productividad por metro cuadrado.&nbsp;&nbsp; \u201cAhora me falta espacio para poder seguir produciendo\u201d, indic\u00f3.&nbsp;<\/p>\n\n\n\n<p>Su empresa familiar es reconocida por la calidad de los productos que ofrece. Lechugas, acelgas, pepinos, cilantros, ruibarbos, papas, zanahorias son poderosas hortalizas libres de qu\u00edmicos y pesticidas.&nbsp; \u201cCasi no se usamos qu\u00edmicos en la zona, ah\u00ed tenemos una ventaja y la gente reconoce cuando se trata de un producto regional o que viene de afuera, el sabor y el aromo no mienten\u201d, defiende las hortalizas locales.&nbsp;<\/p>\n","protected":false},"excerpt":{"rendered":"<p>Cambio clim\u00e1tico, necesidad de un local permanente, elevados costos de infraestructura agr\u00edcola, insumos y falta de terrenos para potenciar la agricultura fueron algunos de los temas analizados entre el director&#8230; <a class=\"read-more\" href=\"https:\/\/www.radiopresidenteibanez.cl\/web\/director-nacional-de-indap-valora-y-defiende-propuesta-de-convenio-con-gobierno-regional-de-magallanes\/\">Leer m\u00e1s<\/a><\/p>\n","protected":false},"author":2,"featured_media":38091,"comment_status":"closed","ping_status":"closed","sticky":false,"template":"","format":"standard","meta":{"footnotes":""},"categories":[1],"tags":[],"class_list":["post-38090","post","type-post","status-publish","format-standard","has-post-thumbnail","hentry","category-cronica"],"_links":{"self":[{"href":"https:\/\/www.radiopresidenteibanez.cl\/web\/wp-json\/wp\/v2\/posts\/38090","targetHints":{"allow":["GET"]}}],"collection":[{"href":"https:\/\/www.radiopresidenteibanez.cl\/web\/wp-json\/wp\/v2\/posts"}],"about":[{"href":"https:\/\/www.radiopresidenteibanez.cl\/web\/wp-json\/wp\/v2\/types\/post"}],"author":[{"embeddable":true,"href":"https:\/\/www.radiopresidenteibanez.cl\/web\/wp-json\/wp\/v2\/users\/2"}],"replies":[{"embeddable":true,"href":"https:\/\/www.radiopresidenteibanez.cl\/web\/wp-json\/wp\/v2\/comments?post=38090"}],"version-history":[{"count":0,"href":"https:\/\/www.radiopresidenteibanez.cl\/web\/wp-json\/wp\/v2\/posts\/38090\/revisions"}],"wp:featuredmedia":[{"embeddable":true,"href":"https:\/\/www.radiopresidenteibanez.cl\/web\/wp-json\/wp\/v2\/media\/38091"}],"wp:attachment":[{"href":"https:\/\/www.radiopresidenteibanez.cl\/web\/wp-json\/wp\/v2\/media?parent=38090"}],"wp:term":[{"taxonomy":"category","embeddable":true,"href":"https:\/\/www.radiopresidenteibanez.cl\/web\/wp-json\/wp\/v2\/categories?post=38090"},{"taxonomy":"post_tag","embeddable":true,"href":"https:\/\/www.radiopresidenteibanez.cl\/web\/wp-json\/wp\/v2\/tags?post=38090"}],"curies":[{"name":"wp","href":"https:\/\/api.w.org\/{rel}","templated":true}]}}