{"id":3809,"date":"2019-05-01T20:41:06","date_gmt":"2019-05-01T20:41:06","guid":{"rendered":"http:\/\/www.radiopresidenteibanez.cl\/web\/?p=3809"},"modified":"2019-05-01T20:41:45","modified_gmt":"2019-05-01T20:41:45","slug":"senadora-goic-apoya-reduccion-de-jornada-laboral-a-40-horas","status":"publish","type":"post","link":"https:\/\/www.radiopresidenteibanez.cl\/web\/senadora-goic-apoya-reduccion-de-jornada-laboral-a-40-horas\/","title":{"rendered":"SENADORA GOIC APOYA REDUCCI\u00d3N DE JORNADA LABORAL A 40 HORAS"},"content":{"rendered":"\n<p>Tras participar de la tradicional ceremonia de conmemoraci\u00f3n del D\u00eda del Trabajo en la sede de la Asociaci\u00f3n Chilena de Seguridad (ACHS) en Santiago, encabezada por el Presidente de la Rep\u00fablica, la senadora Carolina Goic dijo estar a favor de la reducci\u00f3n laboral a 40 horas semanales.<\/p>\n\n\n\n<p>\u201cMe parece que junto con los desaf\u00edos que la tecnolog\u00eda nos plantea con la denominada cuarta revoluci\u00f3n industrial que significar\u00e1 que muchos empleos desaparezcan y se creen otros, tambi\u00e9n debemos avanzar en mejorar la calidad de vida de las y los trabajadores. Mientras m\u00e1s feliz est\u00e9 una persona m\u00e1s productiva ser\u00e1\u201d, indic\u00f3 la parlamentaria.<\/p>\n\n\n\n<p>Al ser consultada sobre la Reforma Previsional presentada por el Gobierno, la senadora se\u00f1al\u00f3 que la propuesta \u201ces m\u00e1s de lo mismo\u201d y que por lo tanto debe ser mejorada. En ese sentido precis\u00f3 que la Democracia Cristiana va a hacer valer sus planteamientos en este tema.<\/p>\n\n\n\n<p>\u201cEste es un tema de tal relevancia que ac\u00e1 no se puede apostar a ganar por un voto, porque estamos hablando de una reforma que va a trascender a los gobiernos m\u00e1s all\u00e1 de su signo pol\u00edtico y por lo mismo debe haber voluntad de acuerdos real de parte del Gobierno\u201d, puntualiz\u00f3 Goic. <\/p>\n\n\n\n<figure class=\"wp-block-image\"><img loading=\"lazy\" decoding=\"async\" width=\"1024\" height=\"927\" src=\"https:\/\/www.radiopresidenteibanez.cl\/web\/wp-content\/uploads\/2019\/05\/PHOTO-2019-05-01-13-26-48-1024x927.jpg\" alt=\"\" class=\"wp-image-3810\" srcset=\"https:\/\/www.radiopresidenteibanez.cl\/web\/wp-content\/uploads\/2019\/05\/PHOTO-2019-05-01-13-26-48.jpg 1024w, https:\/\/www.radiopresidenteibanez.cl\/web\/wp-content\/uploads\/2019\/05\/PHOTO-2019-05-01-13-26-48-300x272.jpg 300w, https:\/\/www.radiopresidenteibanez.cl\/web\/wp-content\/uploads\/2019\/05\/PHOTO-2019-05-01-13-26-48-768x695.jpg 768w\" sizes=\"auto, (max-width: 1024px) 100vw, 1024px\" \/><\/figure>\n","protected":false},"excerpt":{"rendered":"<p>Tras participar de la tradicional ceremonia de conmemoraci\u00f3n del D\u00eda del Trabajo en la sede de la Asociaci\u00f3n Chilena de Seguridad (ACHS) en Santiago, encabezada por el Presidente de la&#8230; <a class=\"read-more\" href=\"https:\/\/www.radiopresidenteibanez.cl\/web\/senadora-goic-apoya-reduccion-de-jornada-laboral-a-40-horas\/\">Leer m\u00e1s<\/a><\/p>\n","protected":false},"author":2,"featured_media":3810,"comment_status":"closed","ping_status":"closed","sticky":false,"template":"","format":"standard","meta":{"footnotes":""},"categories":[5],"tags":[],"class_list":["post-3809","post","type-post","status-publish","format-standard","has-post-thumbnail","hentry","category-politica"],"_links":{"self":[{"href":"https:\/\/www.radiopresidenteibanez.cl\/web\/wp-json\/wp\/v2\/posts\/3809","targetHints":{"allow":["GET"]}}],"collection":[{"href":"https:\/\/www.radiopresidenteibanez.cl\/web\/wp-json\/wp\/v2\/posts"}],"about":[{"href":"https:\/\/www.radiopresidenteibanez.cl\/web\/wp-json\/wp\/v2\/types\/post"}],"author":[{"embeddable":true,"href":"https:\/\/www.radiopresidenteibanez.cl\/web\/wp-json\/wp\/v2\/users\/2"}],"replies":[{"embeddable":true,"href":"https:\/\/www.radiopresidenteibanez.cl\/web\/wp-json\/wp\/v2\/comments?post=3809"}],"version-history":[{"count":0,"href":"https:\/\/www.radiopresidenteibanez.cl\/web\/wp-json\/wp\/v2\/posts\/3809\/revisions"}],"wp:featuredmedia":[{"embeddable":true,"href":"https:\/\/www.radiopresidenteibanez.cl\/web\/wp-json\/wp\/v2\/media\/3810"}],"wp:attachment":[{"href":"https:\/\/www.radiopresidenteibanez.cl\/web\/wp-json\/wp\/v2\/media?parent=3809"}],"wp:term":[{"taxonomy":"category","embeddable":true,"href":"https:\/\/www.radiopresidenteibanez.cl\/web\/wp-json\/wp\/v2\/categories?post=3809"},{"taxonomy":"post_tag","embeddable":true,"href":"https:\/\/www.radiopresidenteibanez.cl\/web\/wp-json\/wp\/v2\/tags?post=3809"}],"curies":[{"name":"wp","href":"https:\/\/api.w.org\/{rel}","templated":true}]}}