{"id":3806,"date":"2019-05-01T20:22:52","date_gmt":"2019-05-01T20:22:52","guid":{"rendered":"http:\/\/www.radiopresidenteibanez.cl\/web\/?p=3806"},"modified":"2019-05-01T20:23:36","modified_gmt":"2019-05-01T20:23:36","slug":"consejo-general-de-evopoli-aprueba-voto-politico-de-cara-a-las-elecciones-municipales-2020","status":"publish","type":"post","link":"https:\/\/www.radiopresidenteibanez.cl\/web\/consejo-general-de-evopoli-aprueba-voto-politico-de-cara-a-las-elecciones-municipales-2020\/","title":{"rendered":"CONSEJO GENERAL DE EV\u00d3POLI APRUEBA VOTO POL\u00cdTICO DE CARA A LAS ELECCIONES MUNICIPALES 2020"},"content":{"rendered":"\n<p>El pasado viernes 26 y s\u00e1bado 27\nde abril se celebr\u00f3 el 6to Consejo General del partido Evoluci\u00f3n Pol\u00edtica, a la\ninstancia participaron m\u00e1s de 300 militantes, entre ellos consejeros generales,\nautoridades de gobierno como la Ministra de Transporte y Telecomunicaciones\nGloria Hutt y el Ministro de la Segpres Gonzalo Blumel, adem\u00e1s de diversos parlamentarios\ndel partido como el Senador Felipe Kast y el diputado Luciano Cruz Coke. Este\nconsejo se realiz\u00f3 con una gran convocatoria, que termino por llenar toda la\nsala de plenario del ex congreso nacional en la ciudad de Santiago. La\ndirectiva nacional encabezada por Hernan Larrian Matte presento a los diversos\nconsejeros nacionales del partido la propuesta de un voto pol\u00edtico de cara las\nelecciones municipales del a\u00f1o 2020.&nbsp;\nInspirados en el esp\u00edritu reformista y transformador, reafirmaron el\ncompromiso de nuestra acci\u00f3n pol\u00edtica fundado en nuestros principios de la libertad,\nla justicia y la inclusi\u00f3n. <\/p>\n\n\n\n<p>El voto pol\u00edtico aprobado por unanimidad del\npartido consiste en tres grandes principios: 1) Creemos en la sana competencia\ny que esta deba manifestarse, por lo que \u00abVamos a competir en todos los\nespacios,&nbsp;2) Rechazamos toda forma de populismo y de discursos que se\nsit\u00faen en los extremos, sean de izquierda o de derecha y 3) Buscaremos el\ndi\u00e1logo con todas las fuerzas pol\u00edticas que compartan principios democr\u00e1ticos y\nque tengan la voluntad de sumarse a construir un Chile de futuro. <\/p>\n\n\n\n<p>El presidente Regional de Evopoli, Christian\nMu\u00f1oz se\u00f1ala \u201c para el partido es muy importante la instancia del consejo\nnacional ya que, en \u00e9l, se materializa y concreta la participaci\u00f3n de todas las\ndirectivas y consejos regionales a nivel nacional y en donde se manifiestan las\nposturas ante temas de contingencia de&nbsp;\npol\u00edtica publica y reafirma acuerdos y lineamientos a seguir por parte\ndel partido\u201d. El presidente regional tambi\u00e9n destac\u00f3 la participaci\u00f3n de\ndirigentes regionales en dicha instancia,<\/p>\n\n\n\n<p>Nuestro consejero nacional Alejandro Campos,\nquien asisti\u00f3 al Consejo Nacional, en plenario se\u00f1alo que: \u00abReafirmamos\ncomo Evopoli Magallanes los principios propuestos en este voto pol\u00edtico, los\ncuales nos representan totalmente como partido\u201d, adem\u00e1s hizo un enf\u00e1tico llamado\na la asamblea a \u201cdefender y reforzar nuestra lealtad con el partido y con\nnuestro gobierno del Presidente Sebasti\u00e1n Pi\u00f1era\u201d.<\/p>\n\n\n\n<p>Por otra parte, nuestro\npresidente nacional, Hern\u00e1n Larrain Matte, fue enf\u00e1tico en afirmar \u201cVamos a\nsalir a buscar en todo el pa\u00eds a l\u00edderes sociales que tengan la capacidad de\nrepresentarnos en la pr\u00f3xima elecci\u00f3n municipal\u201d.<\/p>\n\n\n\n<p>Recordar que la directiva regional de Ev\u00f3poli Magallanes est\u00e1 en un proceso de ordenamiento de cara a enfrentar las elecciones municipales del a\u00f1o 2020. Actualmente el partido es liderado por Christian Mu\u00f1oz.<\/p>\n\n\n\n<figure class=\"wp-block-image\"><img loading=\"lazy\" decoding=\"async\" width=\"885\" height=\"484\" src=\"https:\/\/www.radiopresidenteibanez.cl\/web\/wp-content\/uploads\/2019\/05\/evo.jpg\" alt=\"\" class=\"wp-image-3807\" srcset=\"https:\/\/www.radiopresidenteibanez.cl\/web\/wp-content\/uploads\/2019\/05\/evo.jpg 885w, https:\/\/www.radiopresidenteibanez.cl\/web\/wp-content\/uploads\/2019\/05\/evo-300x164.jpg 300w, https:\/\/www.radiopresidenteibanez.cl\/web\/wp-content\/uploads\/2019\/05\/evo-768x420.jpg 768w\" sizes=\"auto, (max-width: 885px) 100vw, 885px\" \/><\/figure>\n","protected":false},"excerpt":{"rendered":"<p>El pasado viernes 26 y s\u00e1bado 27 de abril se celebr\u00f3 el 6to Consejo General del partido Evoluci\u00f3n Pol\u00edtica, a la instancia participaron m\u00e1s de 300 militantes, entre ellos consejeros&#8230; <a class=\"read-more\" href=\"https:\/\/www.radiopresidenteibanez.cl\/web\/consejo-general-de-evopoli-aprueba-voto-politico-de-cara-a-las-elecciones-municipales-2020\/\">Leer m\u00e1s<\/a><\/p>\n","protected":false},"author":2,"featured_media":3807,"comment_status":"closed","ping_status":"closed","sticky":false,"template":"","format":"standard","meta":{"footnotes":""},"categories":[5],"tags":[],"class_list":["post-3806","post","type-post","status-publish","format-standard","has-post-thumbnail","hentry","category-politica"],"_links":{"self":[{"href":"https:\/\/www.radiopresidenteibanez.cl\/web\/wp-json\/wp\/v2\/posts\/3806","targetHints":{"allow":["GET"]}}],"collection":[{"href":"https:\/\/www.radiopresidenteibanez.cl\/web\/wp-json\/wp\/v2\/posts"}],"about":[{"href":"https:\/\/www.radiopresidenteibanez.cl\/web\/wp-json\/wp\/v2\/types\/post"}],"author":[{"embeddable":true,"href":"https:\/\/www.radiopresidenteibanez.cl\/web\/wp-json\/wp\/v2\/users\/2"}],"replies":[{"embeddable":true,"href":"https:\/\/www.radiopresidenteibanez.cl\/web\/wp-json\/wp\/v2\/comments?post=3806"}],"version-history":[{"count":0,"href":"https:\/\/www.radiopresidenteibanez.cl\/web\/wp-json\/wp\/v2\/posts\/3806\/revisions"}],"wp:featuredmedia":[{"embeddable":true,"href":"https:\/\/www.radiopresidenteibanez.cl\/web\/wp-json\/wp\/v2\/media\/3807"}],"wp:attachment":[{"href":"https:\/\/www.radiopresidenteibanez.cl\/web\/wp-json\/wp\/v2\/media?parent=3806"}],"wp:term":[{"taxonomy":"category","embeddable":true,"href":"https:\/\/www.radiopresidenteibanez.cl\/web\/wp-json\/wp\/v2\/categories?post=3806"},{"taxonomy":"post_tag","embeddable":true,"href":"https:\/\/www.radiopresidenteibanez.cl\/web\/wp-json\/wp\/v2\/tags?post=3806"}],"curies":[{"name":"wp","href":"https:\/\/api.w.org\/{rel}","templated":true}]}}