{"id":3802,"date":"2019-05-01T20:19:05","date_gmt":"2019-05-01T20:19:05","guid":{"rendered":"http:\/\/www.radiopresidenteibanez.cl\/web\/?p=3802"},"modified":"2019-05-01T20:20:11","modified_gmt":"2019-05-01T20:20:11","slug":"evopoli-se-refiere-a-lo-senalado-por-la-presidenta-regional-de-la-democracia-cristiana-eugenia-mancilla-en-un-diario-regional","status":"publish","type":"post","link":"https:\/\/www.radiopresidenteibanez.cl\/web\/evopoli-se-refiere-a-lo-senalado-por-la-presidenta-regional-de-la-democracia-cristiana-eugenia-mancilla-en-un-diario-regional\/","title":{"rendered":"EV\u00d3POLI SE REFIERE A LO SE\u00d1ALADO POR LA PRESIDENTA REGIONAL DE LA DEMOCRACIA CRISTIANA, EUGENIA MANCILLA EN UN DIARIO REGIONAL"},"content":{"rendered":"\n<p>El d\u00eda de ayer, 30 de abril del a\u00f1o en curso, en el diario el ping\u00fcino en su secci\u00f3n cr\u00f3nica p\u00fablico un desmentido emanado de la presidenta regional de la democracia cristiana, Eugenia Mansilla donde se\u00f1ala: \u201cDC regional desmiente acuerdo con Ev\u00f3poli\u201d.<\/p>\n\n\n\n<p>El presidente regional de Ev\u00f3poli, Christian Mu\u00f1oz Oyarzo se\u00f1ala: \u201cno\u00a0 hay ning\u00fan acuerdo de tipo electoral con la democracia cristiana y por tanto desconocemos el asidero para tal desmentido por parte de la presidenta regional de la democracia cristiana\u201d. Sin embargo,\u00a0\u00a0 creemos que hay una mala interpretaci\u00f3n o lectura por parte de Eugenia Mancilla de lo que fue el tercer punto del voto pol\u00edtico\u00a0 tratado en el consejo general el pasado s\u00e1bado 27 de abril y el cual se\u00f1alaba \u201cAbrir di\u00e1logos con otras fuerzas pol\u00edticas\u00a0 con el fin de llegar acuerdos nacionales, facilitar el dialogo en el congreso para tratar la pol\u00edtica p\u00fablica, complementar y enriquecer ciertas pol\u00edticas de estado que requieren acuerdos transversales entre otros lo cual, no tiene ninguna relaci\u00f3n con temas de tipo electoral.<\/p>\n\n\n\n<figure class=\"wp-block-image\"><img loading=\"lazy\" decoding=\"async\" width=\"1000\" height=\"635\" src=\"http:\/\/www.radiopresidenteibanez.cl\/web\/wp-content\/uploads\/2019\/02\/Eugenia-Mansilla.jpg\" alt=\"\" class=\"wp-image-1379\" srcset=\"https:\/\/www.radiopresidenteibanez.cl\/web\/wp-content\/uploads\/2019\/02\/Eugenia-Mansilla.jpg 1000w, https:\/\/www.radiopresidenteibanez.cl\/web\/wp-content\/uploads\/2019\/02\/Eugenia-Mansilla-300x191.jpg 300w, https:\/\/www.radiopresidenteibanez.cl\/web\/wp-content\/uploads\/2019\/02\/Eugenia-Mansilla-768x488.jpg 768w\" sizes=\"auto, (max-width: 1000px) 100vw, 1000px\" \/><\/figure>\n","protected":false},"excerpt":{"rendered":"<p>El d\u00eda de ayer, 30 de abril del a\u00f1o en curso, en el diario el ping\u00fcino en su secci\u00f3n cr\u00f3nica p\u00fablico un desmentido emanado de la presidenta regional de la&#8230; <a class=\"read-more\" href=\"https:\/\/www.radiopresidenteibanez.cl\/web\/evopoli-se-refiere-a-lo-senalado-por-la-presidenta-regional-de-la-democracia-cristiana-eugenia-mancilla-en-un-diario-regional\/\">Leer m\u00e1s<\/a><\/p>\n","protected":false},"author":2,"featured_media":1379,"comment_status":"closed","ping_status":"closed","sticky":false,"template":"","format":"standard","meta":{"footnotes":""},"categories":[5],"tags":[],"class_list":["post-3802","post","type-post","status-publish","format-standard","has-post-thumbnail","hentry","category-politica"],"_links":{"self":[{"href":"https:\/\/www.radiopresidenteibanez.cl\/web\/wp-json\/wp\/v2\/posts\/3802","targetHints":{"allow":["GET"]}}],"collection":[{"href":"https:\/\/www.radiopresidenteibanez.cl\/web\/wp-json\/wp\/v2\/posts"}],"about":[{"href":"https:\/\/www.radiopresidenteibanez.cl\/web\/wp-json\/wp\/v2\/types\/post"}],"author":[{"embeddable":true,"href":"https:\/\/www.radiopresidenteibanez.cl\/web\/wp-json\/wp\/v2\/users\/2"}],"replies":[{"embeddable":true,"href":"https:\/\/www.radiopresidenteibanez.cl\/web\/wp-json\/wp\/v2\/comments?post=3802"}],"version-history":[{"count":0,"href":"https:\/\/www.radiopresidenteibanez.cl\/web\/wp-json\/wp\/v2\/posts\/3802\/revisions"}],"wp:featuredmedia":[{"embeddable":true,"href":"https:\/\/www.radiopresidenteibanez.cl\/web\/wp-json\/wp\/v2\/media\/1379"}],"wp:attachment":[{"href":"https:\/\/www.radiopresidenteibanez.cl\/web\/wp-json\/wp\/v2\/media?parent=3802"}],"wp:term":[{"taxonomy":"category","embeddable":true,"href":"https:\/\/www.radiopresidenteibanez.cl\/web\/wp-json\/wp\/v2\/categories?post=3802"},{"taxonomy":"post_tag","embeddable":true,"href":"https:\/\/www.radiopresidenteibanez.cl\/web\/wp-json\/wp\/v2\/tags?post=3802"}],"curies":[{"name":"wp","href":"https:\/\/api.w.org\/{rel}","templated":true}]}}