{"id":38000,"date":"2023-03-09T12:55:00","date_gmt":"2023-03-09T15:55:00","guid":{"rendered":"https:\/\/www.radiopresidenteibanez.cl\/web\/?p=38000"},"modified":"2023-03-09T10:01:30","modified_gmt":"2023-03-09T13:01:30","slug":"con-reconocimiento-a-luchadoras-por-la-democracia-y-enfasis-intergeneracional-destacan-a-magallanicas-este-8-de-marzo","status":"publish","type":"post","link":"https:\/\/www.radiopresidenteibanez.cl\/web\/con-reconocimiento-a-luchadoras-por-la-democracia-y-enfasis-intergeneracional-destacan-a-magallanicas-este-8-de-marzo\/","title":{"rendered":"Con reconocimiento a luchadoras por la democracia y \u00e9nfasis intergeneracional destacan a magall\u00e1nicas este 8 de marzo"},"content":{"rendered":"\n<p>La b\u00fasqueda de la igualdad y la lucha por la conquista de derechos fundamentales para las<br>mujeres es parte de lo que cada a\u00f1o la Seremi de la Mujer y la Equidad de G\u00e9nero busca destacar<br>con el reconocimiento a ocho mujeres de la regi\u00f3n que este a\u00f1o recay\u00f3 en luchadoras sociales \u2013<br>en conmemoraci\u00f3n a los 50 a\u00f1os del quiebre de la democracia-, j\u00f3venes de la cultura y las artes, y<br>representantes de sus territorios.<br>As\u00ed lo detall\u00f3 la Delegada Presidencial Regional Luz Berm\u00fadez Sandoval quien al mediod\u00eda de este<br>mi\u00e9rcoles junto a la Seremi de la Mujer Alejandra Ruiz Ovando encabez\u00f3 un encuentro con las<br>magall\u00e1nicas distinguidas. \u201cComo gobierno hemos querido hacer un reconocimiento en este d\u00eda en<br>donde se conmemora la lucha de las mujeres por reivindicaci\u00f3n de derechos, por ganar espacios.<br>De una u otra forma la lucha que han levantado estas mujeres ha ido en beneficio de otras<br>compa\u00f1eras. El rol que han cumplido en la sociedad ha permitido que hoy estemos hablando de<br>demandas tan importantes y de ir concretando algunas acciones en t\u00e9rminos de pol\u00edticas p\u00fablicas<br>gracias a la lucha que dieron en las calles\u201d declar\u00f3 la autoridad regional.<br>Una de ellas es la activista feminista J\u00e9ssica Huilli Bahamonde quien logr\u00f3 viajar desde Puerto<br>Williams a recibir su reconocimiento: \u201cSomos muy poquitas y de un territorio donde resistir desde<br>el feminismo es bien complejo. Vivimos el doble centralismo de manera cotidiana, y se siente<br>mucho, por eso creo que este reconocimiento es tambi\u00e9n para las mujeres que est\u00e1n residiendo<br>en Puerto Williams que es muy dif\u00edcil en t\u00e9rminos de salud, en t\u00e9rminos laborales, en t\u00e9rminos de<br>cultura, tambi\u00e9n de espacios, y de salud mental. Este reconocimiento tambi\u00e9n es para ellas\u201d.<br>La distinci\u00f3n se entreg\u00f3 luego de la ponderaci\u00f3n que realiz\u00f3 la comisi\u00f3n evaluadora -conformada<br>por representantes de la Delegaci\u00f3n Presidencial Regional, Seremi de la Mujer y la Equidad de<br>G\u00e9nero, Seremi del Trabajo y Previsi\u00f3n Social, Servicio Nacional de la Mujer y la Equidad de<br>G\u00e9nero y Fundaci\u00f3n Prodemu- entre 50 postulaciones de organizaciones p\u00fablicas y de la sociedad<br>civil.<br>\u201cSi no tomamos medidas correctivas y que tiendan hacia la igualdad sustantiva entre hombres y<br>mujeres al ritmo actual nos tomar\u00e1 300 a\u00f1os dice la ONU en alcanzar la igualdad de g\u00e9nero. Pero<br>las urgencias de las mujeres son hoy. No podemos esperar tanto. Por ello junto con las pol\u00edticas<br>p\u00fablicas que estamos desarrollando en este gobierno para todas, buscamos relevar a mujeres de<br>nuestro territorio, porque es gracias a su esfuerzo que muchas hoy podemos ejercer derechos,<br>que si fuera a sola voluntad de los hombres, no ser\u00edan a\u00fan posibles de alcanzar. En nombre de<\/p>\n\n\n\n<p>estas ocho mujeres agradecemos a todas quienes desde sus espacios buscan hacer la diferencia<br>aportando para una vida m\u00e1s justa para nosotras\u201d, recalc\u00f3 la Seremi de la Mujer Alejandra Ruiz<br>Ovando.<br>Las magall\u00e1nicas distinguidas fueron homenajeadas y recibieron un galvano durante la tarde en la<br>conmemoraci\u00f3n oficial del 8 de marzo celebrada en el CADI-UMAG junto a la casa de estudios, en<br>donde adem\u00e1s se present\u00f3 la nueva pol\u00edtica de G\u00e9nero de la Universidad de Magallanes, y un<br>balance de la Agenda de G\u00e9nero en la regi\u00f3n por parte de la cartera en el marco del primer a\u00f1o de<br>gobierno del Presidente Gabriel Boric.<\/p>\n","protected":false},"excerpt":{"rendered":"<p>La b\u00fasqueda de la igualdad y la lucha por la conquista de derechos fundamentales para lasmujeres es parte de lo que cada a\u00f1o la Seremi de la Mujer y la&#8230; <a class=\"read-more\" href=\"https:\/\/www.radiopresidenteibanez.cl\/web\/con-reconocimiento-a-luchadoras-por-la-democracia-y-enfasis-intergeneracional-destacan-a-magallanicas-este-8-de-marzo\/\">Leer m\u00e1s<\/a><\/p>\n","protected":false},"author":2,"featured_media":38001,"comment_status":"closed","ping_status":"closed","sticky":false,"template":"","format":"standard","meta":{"footnotes":""},"categories":[1],"tags":[],"class_list":["post-38000","post","type-post","status-publish","format-standard","has-post-thumbnail","hentry","category-cronica"],"_links":{"self":[{"href":"https:\/\/www.radiopresidenteibanez.cl\/web\/wp-json\/wp\/v2\/posts\/38000","targetHints":{"allow":["GET"]}}],"collection":[{"href":"https:\/\/www.radiopresidenteibanez.cl\/web\/wp-json\/wp\/v2\/posts"}],"about":[{"href":"https:\/\/www.radiopresidenteibanez.cl\/web\/wp-json\/wp\/v2\/types\/post"}],"author":[{"embeddable":true,"href":"https:\/\/www.radiopresidenteibanez.cl\/web\/wp-json\/wp\/v2\/users\/2"}],"replies":[{"embeddable":true,"href":"https:\/\/www.radiopresidenteibanez.cl\/web\/wp-json\/wp\/v2\/comments?post=38000"}],"version-history":[{"count":0,"href":"https:\/\/www.radiopresidenteibanez.cl\/web\/wp-json\/wp\/v2\/posts\/38000\/revisions"}],"wp:featuredmedia":[{"embeddable":true,"href":"https:\/\/www.radiopresidenteibanez.cl\/web\/wp-json\/wp\/v2\/media\/38001"}],"wp:attachment":[{"href":"https:\/\/www.radiopresidenteibanez.cl\/web\/wp-json\/wp\/v2\/media?parent=38000"}],"wp:term":[{"taxonomy":"category","embeddable":true,"href":"https:\/\/www.radiopresidenteibanez.cl\/web\/wp-json\/wp\/v2\/categories?post=38000"},{"taxonomy":"post_tag","embeddable":true,"href":"https:\/\/www.radiopresidenteibanez.cl\/web\/wp-json\/wp\/v2\/tags?post=38000"}],"curies":[{"name":"wp","href":"https:\/\/api.w.org\/{rel}","templated":true}]}}