{"id":37968,"date":"2023-03-08T14:56:00","date_gmt":"2023-03-08T17:56:00","guid":{"rendered":"https:\/\/www.radiopresidenteibanez.cl\/web\/?p=37968"},"modified":"2023-03-08T09:54:55","modified_gmt":"2023-03-08T12:54:55","slug":"seremi-maria-luisa-ojeda-celebro-mes-de-la-eficiencia-energetica-en-escuela-dellamira-rebeca-aguilar-enfatizando-el-rol-de-las-mujeres-en-educacion-y-en-el-sector-energia","status":"publish","type":"post","link":"https:\/\/www.radiopresidenteibanez.cl\/web\/seremi-maria-luisa-ojeda-celebro-mes-de-la-eficiencia-energetica-en-escuela-dellamira-rebeca-aguilar-enfatizando-el-rol-de-las-mujeres-en-educacion-y-en-el-sector-energia\/","title":{"rendered":"<strong>Seremi Mar\u00eda Luisa Ojeda celebr\u00f3 \u201cMes de la Eficiencia Energ\u00e9tica\u201d en Escuela Dellamira Rebeca Aguilar enfatizando el rol de las mujeres en educaci\u00f3n y en el sector energ\u00eda<\/strong>"},"content":{"rendered":"\n<p>&nbsp;En la Escuela Dellamira Rebeca Aguilar de Barranco Amarillo, la Seremi de Energ\u00eda de Magallanes, Mar\u00eda Luisa Ojeda, dio el vamos a las celebraciones del \u201cMes de la Eficiencia Energ\u00e9tica\u201d, destacando el compromiso de establecimiento educacional liderado una mujer, la directora Julia Vargas.<\/p>\n\n\n\n<p>Tras ello, la titular regional Energ\u00eda, junto a la directora, entregaron material educativo en eficiencia energ\u00e9tica y energ\u00edas renovables a la escuela y a los ni\u00f1os presentes, a fin de reforzar y propiciar el trabajo en aula sobre estas tem\u00e1ticas. &nbsp;<\/p>\n\n\n\n<p>La decisi\u00f3n de realizar esta actividad de celebraci\u00f3n en la escuela del sector Barranco Amarillo fue para destacar la labor del recinto educacional por su exitosa participaci\u00f3n en el Programa Educativo Integral en Eficiencia Energ\u00e9tica que financia el Gobierno Regional, Desarrolla la Seremi de Energ\u00eda y ejecuta la Agencia de Sostenibilidad Energ\u00e9tica (AgenciaSE).<\/p>\n\n\n\n<p>Este establecimiento ha sido parte de todas las etapas de implementaci\u00f3n de dicho programa y, gracias al trabajo de la profesora Nadia Pard\u00f3n Oyarzo, Encargada de Medio Ambiente de la escuela, los educandos finalizaron con \u00e9xito esta experiencia educativa en energ\u00eda.<\/p>\n\n\n\n<p><strong>EFICIENCIA ENERG\u00c9TICA, MUJER Y EDUCACI\u00d3N<\/strong><\/p>\n\n\n\n<p>En este sentido, la secretaria regional del ramo cont\u00f3 que como Seremi y Ministerio de Energ\u00eda celebraron el \u201cMes de la Eficiencia Energ\u00e9tica\u201d en un establecimiento muy especial de Punta Arenas, la Escuela Dellamira Rebeca Aguilar, debido a su gran participaci\u00f3n en los programas educativos que ha tenido en energ\u00eda y eficiencia energ\u00e9tica.<\/p>\n\n\n\n<p>\u201cQuisimos celebrar este d\u00eda en compa\u00f1\u00eda de toda la comunidad educativa y, junto con ello, potenciar la presencia de la mujer en los temas de energ\u00eda, por lo cual entregamos un diploma a la directora de la escuela y a una de las docentes -Nadia Pard\u00f3n- que ha participado en los cursos impartidos por el Ministerio de Energ\u00eda para proveer conocimiento y fortalecer sus capacidades en eficiencia energ\u00e9tica; pilar fundamental para avanzar en las metas de carbono neutralidad que tiene Chile y el Gobierno del Presidente Gabriel Boric. Por otro lado, vinimos para fomentar la presencia femenina en el \u00e1rea de la educaci\u00f3n energ\u00e9tica a fin de preparar a las futuras generaciones\u201d, sostuvo la Seremi Mar\u00eda Luisa Ojeda.<\/p>\n\n\n\n<p>Por su parte, la directora de la escuela Dellamira Rebeca Aguilar, Julia Vargas, expres\u00f3 su alegr\u00eda de participar en la actividad y, al mismo tiempo, ser una de las comunidades educativas m\u00e1s comprometidas con la educaci\u00f3n energ\u00e9tica y el medio ambiente.<\/p>\n\n\n\n<p>\u201cNosotros nos sentimos muy orgullosos, muy contentos de recibir hoy a la Seremi de Energ\u00eda, porque esto corrobora a\u00fan m\u00e1s el compromiso que tiene nuestra comunidad educativa con el cuidado y protecci\u00f3n del medio ambiente. Sentimos que es un gran reconocimiento y estamos orgullosos de todo lo que hemos avanzado en la materia y estamos felices de poder participar de las actividades del Mes de la Eficiencia Energ\u00e9tica\u201d, asever\u00f3 la directora Vargas.<\/p>\n\n\n\n<p>Quienes tambi\u00e9n se mostraron entusiasmados con la actividad, fueron las ni\u00f1as y los ni\u00f1os que participaron y recibieron el material educativo.<\/p>\n\n\n\n<p>Uno de ellos fue Sebasti\u00e1n Cabero, quien dijo: \u201cla verdad es que me pareci\u00f3 muy bien la eficiencia energ\u00e9tica, porque nos ayuda a aprender a c\u00f3mo cuidar la energ\u00eda y as\u00ed cuidar el planeta. Me gust\u00f3 mucho esto que hicieron de regalar estos libritos (\u2026). Me gust\u00f3 mucho aprender sobre la eficiencia energ\u00e9tica\u201d.<\/p>\n\n\n\n<p><strong>IMPORTANCIA DE LA EFICIENCIA ENERG\u00c9TICA<\/strong><\/p>\n\n\n\n<p>Las medidas de eficiencia energ\u00e9tica componen el 35% de la reducci\u00f3n de emisiones comprometidas a 2050.<br><\/p>\n\n\n\n<p>Como pa\u00eds suscribimos el compromiso de ser carbonos neutrales antes del 2050 y lo ratificamos con la promulgaci\u00f3n de la Ley Marco de Cambio Clim\u00e1tico. En ese compromiso, el rol de la energ\u00eda es clave, al ser el responsable de casi el 80% de las emisiones. &nbsp;<\/p>\n\n\n\n<p>De todos los aspectos implicados en la transici\u00f3n energ\u00e9tica, la eficiencia energ\u00e9tica es uno de los m\u00e1s relevante.<\/p>\n","protected":false},"excerpt":{"rendered":"<p>&nbsp;En la Escuela Dellamira Rebeca Aguilar de Barranco Amarillo, la Seremi de Energ\u00eda de Magallanes, Mar\u00eda Luisa Ojeda, dio el vamos a las celebraciones del \u201cMes de la Eficiencia Energ\u00e9tica\u201d,&#8230; <a class=\"read-more\" href=\"https:\/\/www.radiopresidenteibanez.cl\/web\/seremi-maria-luisa-ojeda-celebro-mes-de-la-eficiencia-energetica-en-escuela-dellamira-rebeca-aguilar-enfatizando-el-rol-de-las-mujeres-en-educacion-y-en-el-sector-energia\/\">Leer m\u00e1s<\/a><\/p>\n","protected":false},"author":2,"featured_media":37969,"comment_status":"closed","ping_status":"closed","sticky":false,"template":"","format":"standard","meta":{"footnotes":""},"categories":[1],"tags":[],"class_list":["post-37968","post","type-post","status-publish","format-standard","has-post-thumbnail","hentry","category-cronica"],"_links":{"self":[{"href":"https:\/\/www.radiopresidenteibanez.cl\/web\/wp-json\/wp\/v2\/posts\/37968","targetHints":{"allow":["GET"]}}],"collection":[{"href":"https:\/\/www.radiopresidenteibanez.cl\/web\/wp-json\/wp\/v2\/posts"}],"about":[{"href":"https:\/\/www.radiopresidenteibanez.cl\/web\/wp-json\/wp\/v2\/types\/post"}],"author":[{"embeddable":true,"href":"https:\/\/www.radiopresidenteibanez.cl\/web\/wp-json\/wp\/v2\/users\/2"}],"replies":[{"embeddable":true,"href":"https:\/\/www.radiopresidenteibanez.cl\/web\/wp-json\/wp\/v2\/comments?post=37968"}],"version-history":[{"count":0,"href":"https:\/\/www.radiopresidenteibanez.cl\/web\/wp-json\/wp\/v2\/posts\/37968\/revisions"}],"wp:featuredmedia":[{"embeddable":true,"href":"https:\/\/www.radiopresidenteibanez.cl\/web\/wp-json\/wp\/v2\/media\/37969"}],"wp:attachment":[{"href":"https:\/\/www.radiopresidenteibanez.cl\/web\/wp-json\/wp\/v2\/media?parent=37968"}],"wp:term":[{"taxonomy":"category","embeddable":true,"href":"https:\/\/www.radiopresidenteibanez.cl\/web\/wp-json\/wp\/v2\/categories?post=37968"},{"taxonomy":"post_tag","embeddable":true,"href":"https:\/\/www.radiopresidenteibanez.cl\/web\/wp-json\/wp\/v2\/tags?post=37968"}],"curies":[{"name":"wp","href":"https:\/\/api.w.org\/{rel}","templated":true}]}}