{"id":37950,"date":"2023-03-08T08:46:16","date_gmt":"2023-03-08T11:46:16","guid":{"rendered":"https:\/\/www.radiopresidenteibanez.cl\/web\/?p=37950"},"modified":"2023-03-08T08:46:23","modified_gmt":"2023-03-08T11:46:23","slug":"29-mujeres-de-la-comuna-fueron-destacadas-por-el-municipio-de-punta-arenas-en-el-dia-internacional-de-la-mujer","status":"publish","type":"post","link":"https:\/\/www.radiopresidenteibanez.cl\/web\/29-mujeres-de-la-comuna-fueron-destacadas-por-el-municipio-de-punta-arenas-en-el-dia-internacional-de-la-mujer\/","title":{"rendered":"<strong>29 mujeres de la comuna fueron destacadas por el Municipio de Punta Arenas en el D\u00eda Internacional de la Mujer<\/strong>"},"content":{"rendered":"\n<p>En el marco del D\u00eda Internacional de la Mujer, el Municipio de Punta Arenas realiz\u00f3 la tradicional ceremonia de Mujeres Destacadas de la Comuna, donde se reconoci\u00f3 la labor de 29 representantes del g\u00e9nero femenino.<br>\u201cComo Municipalidad comenzamos con mucha fuerza hace unas semanas, justamente, con este mes de la Mujer que incluye actividades culturales, de emprendimiento, de deportes, pero tambi\u00e9n algo muy importante que es reconocer a unas cuantas mujeres, y digo unas cuantas porque son muchas las que tendr\u00edan que estar ac\u00e1. A lo mejor son muchas personas que de nombre no les suenan, pero en sus comunidades, en sus grupos, en lo que hacen, han marcado la diferencia\u201d, afirm\u00f3 el alcalde de Punta Arenas, Claudio Radonich.<br>Las homenajeadas valoraron el reconocimiento que consider\u00f3 a mujeres que se han destacado en distintos \u00e1mbitos, que con su labor se transforman en agentes de cambio, liderazgo y perseverancia, representando a sus pares d\u00eda a d\u00eda.<br>\u201cMe siento muy sorprendida, porque la verdad es que no me esperaba este est\u00edmulo. Para m\u00ed es muy importante y la verdad es que me provoca solamente seguir haciendo mi trabajo como me gusta. Me encanta trabajar en el hospital, lo hago con mucho cari\u00f1o\u201d, indic\u00f3 Liza Bello, T\u00e9cnico en Enfermer\u00eda del Hospital Cl\u00ednico de Magallanes, quien ha resaltado entre sus compa\u00f1eros por su personalidad y profesionalismo.<br>Por su parte, Solange Hern\u00e1ndez, due\u00f1a de la panader\u00eda Sol y Luna, se\u00f1al\u00f3 que \u201cpara m\u00ed es un logro. Estoy s\u00faper sorprendida de que me hayan postulado a trav\u00e9s del Fosis y que haya salido seleccionada como mujer destacada. Para m\u00ed y mi familia es un orgullo, est\u00e1n s\u00faper orgullosos de m\u00ed, y eso es al esfuerzo, al sacrificio, a ponerle todo el empe\u00f1o a mi emprendimiento\u201d.<br>Finalmente, Maricela Maimai, hija de la dirigenta vecinal, Maricela Vargas Santana, agradeci\u00f3 el homenaje p\u00f3stumo que se le realiz\u00f3 a su mam\u00e1. \u201cElla fue una persona que siempre ayud\u00f3 a la comunidad, no es solamente porque ahora est\u00e9 fallecida, sino que ella realmente estaba preocupada por sus vecinos. Entonces, que sea homenajeada, para nosotros como familia es muy importante\u201d, puntualiz\u00f3.<br>A continuaci\u00f3n, se detalla el listado de mujeres destacadas por el Municipio de Punta Arenas.<\/p>\n","protected":false},"excerpt":{"rendered":"<p>En el marco del D\u00eda Internacional de la Mujer, el Municipio de Punta Arenas realiz\u00f3 la tradicional ceremonia de Mujeres Destacadas de la Comuna, donde se reconoci\u00f3 la labor de&#8230; <a class=\"read-more\" href=\"https:\/\/www.radiopresidenteibanez.cl\/web\/29-mujeres-de-la-comuna-fueron-destacadas-por-el-municipio-de-punta-arenas-en-el-dia-internacional-de-la-mujer\/\">Leer m\u00e1s<\/a><\/p>\n","protected":false},"author":2,"featured_media":37951,"comment_status":"closed","ping_status":"closed","sticky":false,"template":"","format":"standard","meta":{"footnotes":""},"categories":[1],"tags":[],"class_list":["post-37950","post","type-post","status-publish","format-standard","has-post-thumbnail","hentry","category-cronica"],"_links":{"self":[{"href":"https:\/\/www.radiopresidenteibanez.cl\/web\/wp-json\/wp\/v2\/posts\/37950","targetHints":{"allow":["GET"]}}],"collection":[{"href":"https:\/\/www.radiopresidenteibanez.cl\/web\/wp-json\/wp\/v2\/posts"}],"about":[{"href":"https:\/\/www.radiopresidenteibanez.cl\/web\/wp-json\/wp\/v2\/types\/post"}],"author":[{"embeddable":true,"href":"https:\/\/www.radiopresidenteibanez.cl\/web\/wp-json\/wp\/v2\/users\/2"}],"replies":[{"embeddable":true,"href":"https:\/\/www.radiopresidenteibanez.cl\/web\/wp-json\/wp\/v2\/comments?post=37950"}],"version-history":[{"count":0,"href":"https:\/\/www.radiopresidenteibanez.cl\/web\/wp-json\/wp\/v2\/posts\/37950\/revisions"}],"wp:featuredmedia":[{"embeddable":true,"href":"https:\/\/www.radiopresidenteibanez.cl\/web\/wp-json\/wp\/v2\/media\/37951"}],"wp:attachment":[{"href":"https:\/\/www.radiopresidenteibanez.cl\/web\/wp-json\/wp\/v2\/media?parent=37950"}],"wp:term":[{"taxonomy":"category","embeddable":true,"href":"https:\/\/www.radiopresidenteibanez.cl\/web\/wp-json\/wp\/v2\/categories?post=37950"},{"taxonomy":"post_tag","embeddable":true,"href":"https:\/\/www.radiopresidenteibanez.cl\/web\/wp-json\/wp\/v2\/tags?post=37950"}],"curies":[{"name":"wp","href":"https:\/\/api.w.org\/{rel}","templated":true}]}}