{"id":3795,"date":"2019-04-30T15:11:43","date_gmt":"2019-04-30T15:11:43","guid":{"rendered":"http:\/\/www.radiopresidenteibanez.cl\/web\/?p=3795"},"modified":"2019-04-30T15:12:08","modified_gmt":"2019-04-30T15:12:08","slug":"hasta-150-millones-ofrece-el-programa-servicios-sociales-para-iniciativas-de-empleabilidad","status":"publish","type":"post","link":"https:\/\/www.radiopresidenteibanez.cl\/web\/hasta-150-millones-ofrece-el-programa-servicios-sociales-para-iniciativas-de-empleabilidad\/","title":{"rendered":"HASTA $150 MILLONES OFRECE EL PROGRAMA SERVICIOS SOCIALES PARA INICIATIVAS DE EMPLEABILIDAD"},"content":{"rendered":"\n<p>A\npartir de una alianza estrat\u00e9gica entre la Subsecretar\u00eda del Trabajo y el\nMinisterio de Desarrollo Social, las autoridades de ambas carteras en la regi\u00f3n\nde Magallanes hicieron un llamado esta ma\u00f1ana a todas las personas jur\u00eddicas\nsin fines de lucro a presentar sus propuestas al Fondo Concursable del Programa\nServicios Sociales, abierto el pasado jueves 25 de abril y que busca fomentar\nla inserci\u00f3n laboral de personas desempleadas.<\/p>\n\n\n\n<p>El\nobjetivo del programa es propender a insertar a las personas beneficiarias del\nmismo en un puesto de trabajo independiente, a trav\u00e9s de la capacitaci\u00f3n en\noficios y pr\u00e1cticas laborales en cada regi\u00f3n. Asimismo, se busca fortalecer la\nparticipaci\u00f3n activa de las organizaciones de la sociedad civil en materia de\npol\u00edticas p\u00fablicas de empleo en la zona.<\/p>\n\n\n\n<p>Seg\u00fan\nlo explic\u00f3 la Seremi del Trabajo, Victoria Cort\u00e9s Schiattino, \u201cla subsecretar\u00eda\ndel Trabajo, en conjunto con el ministerio de Desarrollo Social, est\u00e1 haciendo\nun llamado a todas las personas jur\u00eddicas sin fines de lucro, y a las Uniones Temporales\nde Oferentes (UTO) a participar de este concurso del programa Servicios Sociales\nque tiene por objeto la presentaci\u00f3n de proyectos destinados a la capacitaci\u00f3n\nen oficios de personas mayores de 18 a\u00f1os en adelante, que se encuentren\ncesantes o busquen trabajo por primera vez y que pertenezcan al subsistema de Seguridades\ny Oportunidades o Chile Solidario. La idea y prioridad del gobierno del\nPresidente Sebasti\u00e1n Pi\u00f1era es poder capacitar a las personas, mejorando de\nesta forma sus posibilidades de empleabilidad\u201d.<\/p>\n\n\n\n<p>\u201cEl\nconcurso se abri\u00f3 el d\u00eda 25 de abril y el plazo es hasta el 23 de mayo para\npostular, la idea es que los interesados presenten proyectos de hasta $150\nmillones y a nivel pa\u00eds son m\u00e1s de $1.900 millones destinados al financiamiento\nde estos proyectos, as\u00ed que el llamado es a todos los interesados que puedan\npostular\u201d, a\u00f1adi\u00f3 Cort\u00e9s.<\/p>\n\n\n\n<p>La\nSeremi de Desarrollo Social, Liz Casanueva M\u00e9ndez, quien se uni\u00f3 a esta\nconvocatoria, se\u00f1al\u00f3 que \u201ccomo Ministerio de Desarrollo Social y Familia\nestamos muy contentos de poder traspasar estos fondos a la subsecretar\u00eda del\nTrabajo que, como dice la Seremi, son m\u00e1s de 1.900 millones que se transfieren\na la subsecretar\u00eda, gracias a lo cual el a\u00f1o pasado tuvimos a la fundaci\u00f3n\nPather Nostrum, que estuvo capacitando a personas que buscaban trabajo por\nprimera vez en curso de cuidado de enfermos. Esa fue la experiencia que tuvimos\nel a\u00f1o pasado en la regi\u00f3n. Esperamos que este a\u00f1o puedan participar m\u00e1s\ninstituciones sin fines de lucro y que tengan la posibilidad de capacitar a la\nmayor cantidad de personas con un tope de $150 millones en la regi\u00f3n\u201d. <\/p>\n\n\n\n<p>Entre\nlos requisitos para los proyectos \u2013adem\u00e1s de los ya mencionados- se informa que\nlos beneficiarios de las iniciativas que se presenten deben residir en la\nregi\u00f3n de Magallanes para los proyectos adjudicados en esta zona y, junto con\nello, deben contar con inscripci\u00f3n vigente en la respectiva Oficina Municipal\nde Intermediaci\u00f3n Laboral (Omil) que acredite la b\u00fasqueda de empleo por parte\nde quienes resulten beneficiados por el proyecto.<\/p>\n\n\n\n<p>Asimismo,\nno podr\u00e1n acceder aquellas personas que egresaron anteriormente del programa,\nni quienes participaron paralelamente en otras iniciativas de empleo\nadministradas por la subsecretar\u00eda del Trabajo.<\/p>\n\n\n\n<p>Por \u00faltimo, en cuanto a los plazos, tal como inform\u00f3 la autoridad laboral, el d\u00eda 23 de mayo, a las 17:00 horas, se cierra el per\u00edodo de postulaci\u00f3n de proyectos. Mientras que la adjudicaci\u00f3n y publicaci\u00f3n de los favorecidos se dar\u00e1 a conocer el d\u00eda 21 de junio pr\u00f3ximo.<\/p>\n\n\n\n<figure class=\"wp-block-image\"><img loading=\"lazy\" decoding=\"async\" width=\"1024\" height=\"768\" src=\"https:\/\/www.radiopresidenteibanez.cl\/web\/wp-content\/uploads\/2019\/04\/IMG_006-1-1024x768.jpg\" alt=\"\" class=\"wp-image-3796\" srcset=\"https:\/\/www.radiopresidenteibanez.cl\/web\/wp-content\/uploads\/2019\/04\/IMG_006-1.jpg 1024w, https:\/\/www.radiopresidenteibanez.cl\/web\/wp-content\/uploads\/2019\/04\/IMG_006-1-300x225.jpg 300w, https:\/\/www.radiopresidenteibanez.cl\/web\/wp-content\/uploads\/2019\/04\/IMG_006-1-768x576.jpg 768w\" sizes=\"auto, (max-width: 1024px) 100vw, 1024px\" \/><\/figure>\n","protected":false},"excerpt":{"rendered":"<p>A partir de una alianza estrat\u00e9gica entre la Subsecretar\u00eda del Trabajo y el Ministerio de Desarrollo Social, las autoridades de ambas carteras en la regi\u00f3n de Magallanes hicieron un llamado&#8230; <a class=\"read-more\" href=\"https:\/\/www.radiopresidenteibanez.cl\/web\/hasta-150-millones-ofrece-el-programa-servicios-sociales-para-iniciativas-de-empleabilidad\/\">Leer m\u00e1s<\/a><\/p>\n","protected":false},"author":2,"featured_media":3796,"comment_status":"closed","ping_status":"closed","sticky":false,"template":"","format":"standard","meta":{"footnotes":""},"categories":[1],"tags":[],"class_list":["post-3795","post","type-post","status-publish","format-standard","has-post-thumbnail","hentry","category-cronica"],"_links":{"self":[{"href":"https:\/\/www.radiopresidenteibanez.cl\/web\/wp-json\/wp\/v2\/posts\/3795","targetHints":{"allow":["GET"]}}],"collection":[{"href":"https:\/\/www.radiopresidenteibanez.cl\/web\/wp-json\/wp\/v2\/posts"}],"about":[{"href":"https:\/\/www.radiopresidenteibanez.cl\/web\/wp-json\/wp\/v2\/types\/post"}],"author":[{"embeddable":true,"href":"https:\/\/www.radiopresidenteibanez.cl\/web\/wp-json\/wp\/v2\/users\/2"}],"replies":[{"embeddable":true,"href":"https:\/\/www.radiopresidenteibanez.cl\/web\/wp-json\/wp\/v2\/comments?post=3795"}],"version-history":[{"count":0,"href":"https:\/\/www.radiopresidenteibanez.cl\/web\/wp-json\/wp\/v2\/posts\/3795\/revisions"}],"wp:featuredmedia":[{"embeddable":true,"href":"https:\/\/www.radiopresidenteibanez.cl\/web\/wp-json\/wp\/v2\/media\/3796"}],"wp:attachment":[{"href":"https:\/\/www.radiopresidenteibanez.cl\/web\/wp-json\/wp\/v2\/media?parent=3795"}],"wp:term":[{"taxonomy":"category","embeddable":true,"href":"https:\/\/www.radiopresidenteibanez.cl\/web\/wp-json\/wp\/v2\/categories?post=3795"},{"taxonomy":"post_tag","embeddable":true,"href":"https:\/\/www.radiopresidenteibanez.cl\/web\/wp-json\/wp\/v2\/tags?post=3795"}],"curies":[{"name":"wp","href":"https:\/\/api.w.org\/{rel}","templated":true}]}}