{"id":3792,"date":"2019-04-30T15:06:52","date_gmt":"2019-04-30T15:06:52","guid":{"rendered":"http:\/\/www.radiopresidenteibanez.cl\/web\/?p=3792"},"modified":"2019-04-30T15:07:32","modified_gmt":"2019-04-30T15:07:32","slug":"llaman-a-audiciones-para-integrar-el-elenco-estable-del-ballet-municipal-de-punta-arenas","status":"publish","type":"post","link":"https:\/\/www.radiopresidenteibanez.cl\/web\/llaman-a-audiciones-para-integrar-el-elenco-estable-del-ballet-municipal-de-punta-arenas\/","title":{"rendered":"LLAMAN A AUDICIONES PARA INTEGRAR EL ELENCO ESTABLE DEL BALLET MUNICIPAL DE PUNTA ARENAS"},"content":{"rendered":"\n<p>Este martes (30 de abril), y en el marco de la conmemoraci\u00f3n\ndel D\u00eda de la Danza, se iniciar\u00e1 el periodo de audiciones para integrar el\nelenco estable del Primer Ballet Municipal de Punta Arenas.<\/p>\n\n\n\n<p>As\u00ed lo hizo saber el bailar\u00edn Iv\u00e1n Antigual, quien dirigir\u00e1\nel elenco del Ballet Teatro Municipal Jos\u00e9 Bohr. \u201cSe hace la invitaci\u00f3n a\nchicos de 15 a\u00f1os en adelante para que participen de esta audici\u00f3n, con la idea\nde tomar bailarines para este elenco estable que va a funcionar en el Teatro\nMunicipal\u201d, indic\u00f3 Antigual, agregando que se llevar\u00e1n a cabo dos audiciones en\ndependencias del Teatro Municipal: la primera de ellas el martes 30 de abril, a\nlas 19 horas, donde deber\u00e1n asistir todos aquellos que cuenten con experiencia\nprevia; y la segunda, el jueves 2 de mayo, a las 19 horas, dirigida a aquellos\nque no cuentan con experiencia previa. <\/p>\n\n\n\n<p>El bailar\u00edn indic\u00f3 que el trabajo se iniciar\u00e1 el 7 de mayo,\nen una modalidad intensiva, que implicar\u00e1 un compromiso de cinco d\u00edas a la\nsemana. \u201cEl tema de la formaci\u00f3n es muy lento. Formar un bailar\u00edn requiere de\nmucho tiempo y dedicaci\u00f3n. Entonces, nosotros ideamos un programa para la\nformaci\u00f3n, donde van a tener distintos tipos de t\u00e9cnicas: acad\u00e9mica,\nacondicionamiento f\u00edsico, pilates, interpretaci\u00f3n y danza contempor\u00e1nea\u201d,\nexplic\u00f3 el docente.<\/p>\n\n\n\n<p>El elenco tambi\u00e9n contar\u00e1 con la presencia de la int\u00e9rprete\nen Danza, Karen Reumay, quien trabajar\u00e1 como asistente de direcci\u00f3n y estar\u00e1 a\ncargo del \u00e1rea de acondicionamiento f\u00edsico. <\/p>\n\n\n\n<p>Los interesados en participar de las audiciones pueden inscribirse a trav\u00e9s del correo teatromunicipalinscripciones@e-puntaarenas.cl<\/p>\n\n\n\n<figure class=\"wp-block-image\"><img loading=\"lazy\" decoding=\"async\" width=\"900\" height=\"600\" src=\"https:\/\/www.radiopresidenteibanez.cl\/web\/wp-content\/uploads\/2019\/04\/IMG_0358ok.jpg\" alt=\"\" class=\"wp-image-3793\" srcset=\"https:\/\/www.radiopresidenteibanez.cl\/web\/wp-content\/uploads\/2019\/04\/IMG_0358ok.jpg 900w, https:\/\/www.radiopresidenteibanez.cl\/web\/wp-content\/uploads\/2019\/04\/IMG_0358ok-300x200.jpg 300w, https:\/\/www.radiopresidenteibanez.cl\/web\/wp-content\/uploads\/2019\/04\/IMG_0358ok-768x512.jpg 768w\" sizes=\"auto, (max-width: 900px) 100vw, 900px\" \/><\/figure>\n","protected":false},"excerpt":{"rendered":"<p>Este martes (30 de abril), y en el marco de la conmemoraci\u00f3n del D\u00eda de la Danza, se iniciar\u00e1 el periodo de audiciones para integrar el elenco estable del Primer&#8230; <a class=\"read-more\" href=\"https:\/\/www.radiopresidenteibanez.cl\/web\/llaman-a-audiciones-para-integrar-el-elenco-estable-del-ballet-municipal-de-punta-arenas\/\">Leer m\u00e1s<\/a><\/p>\n","protected":false},"author":2,"featured_media":3793,"comment_status":"closed","ping_status":"closed","sticky":false,"template":"","format":"standard","meta":{"footnotes":""},"categories":[4],"tags":[],"class_list":["post-3792","post","type-post","status-publish","format-standard","has-post-thumbnail","hentry","category-entretenimiento-y-cultura"],"_links":{"self":[{"href":"https:\/\/www.radiopresidenteibanez.cl\/web\/wp-json\/wp\/v2\/posts\/3792","targetHints":{"allow":["GET"]}}],"collection":[{"href":"https:\/\/www.radiopresidenteibanez.cl\/web\/wp-json\/wp\/v2\/posts"}],"about":[{"href":"https:\/\/www.radiopresidenteibanez.cl\/web\/wp-json\/wp\/v2\/types\/post"}],"author":[{"embeddable":true,"href":"https:\/\/www.radiopresidenteibanez.cl\/web\/wp-json\/wp\/v2\/users\/2"}],"replies":[{"embeddable":true,"href":"https:\/\/www.radiopresidenteibanez.cl\/web\/wp-json\/wp\/v2\/comments?post=3792"}],"version-history":[{"count":0,"href":"https:\/\/www.radiopresidenteibanez.cl\/web\/wp-json\/wp\/v2\/posts\/3792\/revisions"}],"wp:featuredmedia":[{"embeddable":true,"href":"https:\/\/www.radiopresidenteibanez.cl\/web\/wp-json\/wp\/v2\/media\/3793"}],"wp:attachment":[{"href":"https:\/\/www.radiopresidenteibanez.cl\/web\/wp-json\/wp\/v2\/media?parent=3792"}],"wp:term":[{"taxonomy":"category","embeddable":true,"href":"https:\/\/www.radiopresidenteibanez.cl\/web\/wp-json\/wp\/v2\/categories?post=3792"},{"taxonomy":"post_tag","embeddable":true,"href":"https:\/\/www.radiopresidenteibanez.cl\/web\/wp-json\/wp\/v2\/tags?post=3792"}],"curies":[{"name":"wp","href":"https:\/\/api.w.org\/{rel}","templated":true}]}}