{"id":37911,"date":"2023-03-06T17:43:00","date_gmt":"2023-03-06T20:43:00","guid":{"rendered":"https:\/\/www.radiopresidenteibanez.cl\/web\/?p=37911"},"modified":"2023-03-06T16:33:44","modified_gmt":"2023-03-06T19:33:44","slug":"gobierno-regional-inaugura-exposicion-fotografica-por-el-dia-internacional-de-la-mujer","status":"publish","type":"post","link":"https:\/\/www.radiopresidenteibanez.cl\/web\/gobierno-regional-inaugura-exposicion-fotografica-por-el-dia-internacional-de-la-mujer\/","title":{"rendered":"<strong>Gobierno Regional inaugura exposici\u00f3n fotogr\u00e1fica por el d\u00eda internacional de la mujer<\/strong>"},"content":{"rendered":"\n<p>\u201cTodas \u00edbamos a ser Reinas\u201d es el nombre de la exposici\u00f3n fotogr\u00e1fica que cuenta con m\u00e1s de 25 im\u00e1genes de mujeres magall\u00e1nicas que son expuestas en el Gobierno Regional en el marco del d\u00eda Internacional de la Mujer y que tiene como objetivo destacar las distintas labores que cumplen en el d\u00eda a d\u00eda.<\/p>\n\n\n\n<p>\u201cEs el tiempo de las mujeres, un tiempo que se han ganado a lo largo de la historia. Ac\u00e1 reflejamos, en una muestra fotogr\u00e1fica, a mujeres de distintas edades y oficios, que est\u00e1n ligadas a la educaci\u00f3n, al campo, la rehabilitaci\u00f3n, la cultura, entre otras \u00e1reas\u201d coment\u00f3 el Gobernador Jorge Flies.<\/p>\n\n\n\n<p>En la misma l\u00ednea, Paola Fern\u00e1ndez, jefa de la Divisi\u00f3n de Desarrollo Social y Humano, indic\u00f3 que \u201cel Gobierno Regional ha querido conmemorar el rol de las mujeres en distintos \u00e1mbitos. En estas im\u00e1genes aparecen mujeres lideres del \u00e1mbito social, productivo, cultural y deportivo\u201d.<\/p>\n\n\n\n<p>En el lanzamiento estuvieron presentes las mujeres que fueron retratadas para la muestra fotogr\u00e1fica que, acompa\u00f1adas de sus familias, pudieron hacer un recorrido por la exposici\u00f3n.<\/p>\n\n\n\n<p>\u201cEs un honor tremendo que no me esperaba. Estoy muy contenta por dejar una huella para las futuras generaciones mis pares. Siempre he cre\u00eddo que hay que luchar por nuestros sue\u00f1os y aspiraciones. El hecho de estar aqu\u00ed es una representaci\u00f3n de eso y lo agradezco demasiado\u201d declar\u00f3 Florencia Garc\u00eda, estudiante del Colegio Miguel de Cervantes.<\/p>\n\n\n\n<p>Por su parte, Mirella Vera, dijo que \u201cpara mi es algo relevante. Yo participo en un taller de terapia y no pensaba salir fotografiada para esta exposici\u00f3n. Encuentro muy lindo que consideren a las mujeres para estos actos\u201d.<\/p>\n\n\n\n<p>Adem\u00e1s, la iniciativa cuenta con un espacio dedicado a Gabriela Mistral donde se destaca su paso por la regi\u00f3n de Magallanes.<\/p>\n\n\n\n<p>\u201cEn este contexto queremos destacar a Gabriela Mistral, poetiza y Premio Nobel, que estuvo en Magallanes. Ac\u00e1 recreamos un espacio en el cual era su escritorio que nos presto el Liceo Sara Braun. Recordamos el esfuerzo que hizo pidiendo educaci\u00f3n para las mujeres\u201d destac\u00f3 Flies.<\/p>\n","protected":false},"excerpt":{"rendered":"<p>\u201cTodas \u00edbamos a ser Reinas\u201d es el nombre de la exposici\u00f3n fotogr\u00e1fica que cuenta con m\u00e1s de 25 im\u00e1genes de mujeres magall\u00e1nicas que son expuestas en el Gobierno Regional en&#8230; <a class=\"read-more\" href=\"https:\/\/www.radiopresidenteibanez.cl\/web\/gobierno-regional-inaugura-exposicion-fotografica-por-el-dia-internacional-de-la-mujer\/\">Leer m\u00e1s<\/a><\/p>\n","protected":false},"author":2,"featured_media":37912,"comment_status":"closed","ping_status":"closed","sticky":false,"template":"","format":"standard","meta":{"footnotes":""},"categories":[1],"tags":[],"class_list":["post-37911","post","type-post","status-publish","format-standard","has-post-thumbnail","hentry","category-cronica"],"_links":{"self":[{"href":"https:\/\/www.radiopresidenteibanez.cl\/web\/wp-json\/wp\/v2\/posts\/37911","targetHints":{"allow":["GET"]}}],"collection":[{"href":"https:\/\/www.radiopresidenteibanez.cl\/web\/wp-json\/wp\/v2\/posts"}],"about":[{"href":"https:\/\/www.radiopresidenteibanez.cl\/web\/wp-json\/wp\/v2\/types\/post"}],"author":[{"embeddable":true,"href":"https:\/\/www.radiopresidenteibanez.cl\/web\/wp-json\/wp\/v2\/users\/2"}],"replies":[{"embeddable":true,"href":"https:\/\/www.radiopresidenteibanez.cl\/web\/wp-json\/wp\/v2\/comments?post=37911"}],"version-history":[{"count":0,"href":"https:\/\/www.radiopresidenteibanez.cl\/web\/wp-json\/wp\/v2\/posts\/37911\/revisions"}],"wp:featuredmedia":[{"embeddable":true,"href":"https:\/\/www.radiopresidenteibanez.cl\/web\/wp-json\/wp\/v2\/media\/37912"}],"wp:attachment":[{"href":"https:\/\/www.radiopresidenteibanez.cl\/web\/wp-json\/wp\/v2\/media?parent=37911"}],"wp:term":[{"taxonomy":"category","embeddable":true,"href":"https:\/\/www.radiopresidenteibanez.cl\/web\/wp-json\/wp\/v2\/categories?post=37911"},{"taxonomy":"post_tag","embeddable":true,"href":"https:\/\/www.radiopresidenteibanez.cl\/web\/wp-json\/wp\/v2\/tags?post=37911"}],"curies":[{"name":"wp","href":"https:\/\/api.w.org\/{rel}","templated":true}]}}