{"id":37897,"date":"2023-03-06T11:20:00","date_gmt":"2023-03-06T14:20:00","guid":{"rendered":"https:\/\/www.radiopresidenteibanez.cl\/web\/?p=37897"},"modified":"2023-03-06T10:55:57","modified_gmt":"2023-03-06T13:55:57","slug":"nueva-directora-del-servicio-de-salud-magallanes-y-alcalde-radonich-definieron-objetivos-estrategicos-de-cara-al-2023-2024","status":"publish","type":"post","link":"https:\/\/www.radiopresidenteibanez.cl\/web\/nueva-directora-del-servicio-de-salud-magallanes-y-alcalde-radonich-definieron-objetivos-estrategicos-de-cara-al-2023-2024\/","title":{"rendered":"<strong>NUEVA DIRECTORA DEL SERVICIO DE SALUD MAGALLANES Y ALCALDE RADONICH DEFINIERON OBJETIVOS ESTRAT\u00c9GICOS DE CARA AL 2023-2024\u00a0<\/strong>"},"content":{"rendered":"\n<p>Como un primer acercamiento entre las autoridades, el pasado lunes 27 de febrero, se concret\u00f3 una reuni\u00f3n entre el Alcalde Claudio Radonich; la secretaria general de la Corporaci\u00f3n Municipal de Punta Arenas, Elena Blackwood; el jefe del \u00c1rea de Salud Municipal, Pedro Jofr\u00e9 y la nueva directora del Servicio de Salud Magallanes, Ver\u00f3nica Y\u00e1\u00f1ez Gonz\u00e1lez, con el fin de priorizar y definir objetivos conjuntos para el presente a\u00f1o, el cual trae diversos desaf\u00edos en materia de Atenci\u00f3n Primaria.&nbsp;<\/p>\n\n\n\n<p>Seg\u00fan palabras del Alcalde, \u201ccon la directora estamos en contacto desde hace bastante tiempo, ya que ella ha sido parte del Servicio de Salud hace a\u00f1os, por tanto, es alguien que conoce nuestro trabajo, y la idea es poder avanzar en los temas que nos interesan como el traslado del CESFAM 18 de septiembre, para que comience la construcci\u00f3n de las nuevas instalaciones, lo que se suma a la necesidad de generar un sexto consultorio en terrenos de circunvalaci\u00f3n, as\u00ed que una buena reuni\u00f3n inicial para poder establecer l\u00edneas de acci\u00f3n que vayan en beneficio de los habitantes de Punta Arenas\u201d.&nbsp;<\/p>\n\n\n\n<p>Por su parte, la nueva directora del Servicio de Salud Magallanes, Ver\u00f3nica Y\u00e1\u00f1ez, inform\u00f3 que \u201cnos reunimos con el Alcalde y el equipo municipal, con el fin de presentarnos, pero igualmente para establecer prioridades de trabajo dentro de nuestra administraci\u00f3n, y poner \u00e9nfasis en sacar adelante los proyectos atrasados, principalmente, lo que tiene que ver con el CESFAM 18 de septiembre, sumado a la puesta en marcha del nuevo CESFAM Tom\u00e1s Fenton\u201d.&nbsp;<\/p>\n\n\n\n<p>De igual forma, el jefe comunal detall\u00f3 que tambi\u00e9n que en lo que refiere al CESFAM Carlos Ib\u00e1\u00f1ez, \u201cya se solicit\u00f3 a la Ministra de Bienes Nacionales los terrenos del ex Pudeto, porque la idea es generar todas las gestiones para construir en dicho lugar, el cual estar\u00eda muy cercano de donde est\u00e1 emplazado hoy d\u00eda\u201d.&nbsp;<\/p>\n\n\n\n<p>Sumado a ello, record\u00f3 que hace un tiempo se viene planteando la necesidad de un s\u00e9ptimo CESFAM en el lado sur, \u201cporque nuestra ciudad crece y se desarrolla, por lo que es importante poder contar con servicios acorde a ese crecimiento\u201d.&nbsp;&nbsp;<\/p>\n\n\n\n<p>Asimismo, un proyecto que est\u00e1 en marcha y con diversas gestiones adelantadas, dijo Radonich, \u201ces concretar que el actual CESFAM Fenton, pueda convertirse en el nuevo Centro de Salud Mental y Dental de Punta Arenas, y utilizar dicho espacio para desarrollar una iniciativa que es de suma urgencia para la comunidad y que debemos considerar cuanto antes\u201d.&nbsp;<\/p>\n\n\n\n<p>En lo que refiere al Servicio Urgencia del lado sur (SAR DAMIANOVIC), se reiter\u00f3 la necesidad de que pueda atender las 24 horas todos los d\u00edas de la semana, para lo cual se requiere de mayor financiamiento, pero desde el \u00c1rea de Salud, esperan que exista la voluntad por parte del servicio para poder realizarlo en el corto plazo.&nbsp;<\/p>\n\n\n\n<p>Al finalizar la reuni\u00f3n, la nueva Directora del SSM, manifest\u00f3 que \u201chemos establecido prioridades en cuanto a la ejecuci\u00f3n presupuestaria, y nos satisface mucho saber que estamos alineados con los mismos objetivos estrat\u00e9gicos, as\u00ed que esperamos avanzar de manera conjunta durante todo este periodo\u201d.&nbsp;<\/p>\n\n\n\n<p>Por \u00faltimo, y quien tambi\u00e9n estuvo presenta en la reuni\u00f3n, Pedro Jofr\u00e9, jefe del \u00c1rea de Salud Municipal, enfatiz\u00f3 que \u201cse demostr\u00f3 que hay un acuerdo e inter\u00e9s real en poder apoyar a la salud primaria por parte del Servicio de Salud, as\u00ed que en ese sentido notamos todas las ganas de poder sacar adelante los temas pendientes\u201d.&nbsp;<\/p>\n\n\n\n<p>\u201cEsperamos lograr normalizar los CESFAM que est\u00e1n en la comuna, pero adem\u00e1s concretar un proyecto que est\u00e1 liderando el Alcalde, y que dice relaci\u00f3n con la habilitaci\u00f3n del CESFAM Fenton como un Centro de Salud Mental y Dental, lo que vendr\u00eda a colaborar de buena forma en dicha materia\u201d, expuso Jofr\u00e9, al culminar el primer encuentro entre los organismos p\u00fablicos.&nbsp;<\/p>\n","protected":false},"excerpt":{"rendered":"<p>Como un primer acercamiento entre las autoridades, el pasado lunes 27 de febrero, se concret\u00f3 una reuni\u00f3n entre el Alcalde Claudio Radonich; la secretaria general de la Corporaci\u00f3n Municipal de&#8230; <a class=\"read-more\" href=\"https:\/\/www.radiopresidenteibanez.cl\/web\/nueva-directora-del-servicio-de-salud-magallanes-y-alcalde-radonich-definieron-objetivos-estrategicos-de-cara-al-2023-2024\/\">Leer m\u00e1s<\/a><\/p>\n","protected":false},"author":2,"featured_media":37898,"comment_status":"closed","ping_status":"closed","sticky":false,"template":"","format":"standard","meta":{"footnotes":""},"categories":[1],"tags":[],"class_list":["post-37897","post","type-post","status-publish","format-standard","has-post-thumbnail","hentry","category-cronica"],"_links":{"self":[{"href":"https:\/\/www.radiopresidenteibanez.cl\/web\/wp-json\/wp\/v2\/posts\/37897","targetHints":{"allow":["GET"]}}],"collection":[{"href":"https:\/\/www.radiopresidenteibanez.cl\/web\/wp-json\/wp\/v2\/posts"}],"about":[{"href":"https:\/\/www.radiopresidenteibanez.cl\/web\/wp-json\/wp\/v2\/types\/post"}],"author":[{"embeddable":true,"href":"https:\/\/www.radiopresidenteibanez.cl\/web\/wp-json\/wp\/v2\/users\/2"}],"replies":[{"embeddable":true,"href":"https:\/\/www.radiopresidenteibanez.cl\/web\/wp-json\/wp\/v2\/comments?post=37897"}],"version-history":[{"count":0,"href":"https:\/\/www.radiopresidenteibanez.cl\/web\/wp-json\/wp\/v2\/posts\/37897\/revisions"}],"wp:featuredmedia":[{"embeddable":true,"href":"https:\/\/www.radiopresidenteibanez.cl\/web\/wp-json\/wp\/v2\/media\/37898"}],"wp:attachment":[{"href":"https:\/\/www.radiopresidenteibanez.cl\/web\/wp-json\/wp\/v2\/media?parent=37897"}],"wp:term":[{"taxonomy":"category","embeddable":true,"href":"https:\/\/www.radiopresidenteibanez.cl\/web\/wp-json\/wp\/v2\/categories?post=37897"},{"taxonomy":"post_tag","embeddable":true,"href":"https:\/\/www.radiopresidenteibanez.cl\/web\/wp-json\/wp\/v2\/tags?post=37897"}],"curies":[{"name":"wp","href":"https:\/\/api.w.org\/{rel}","templated":true}]}}