{"id":37894,"date":"2023-03-06T10:32:22","date_gmt":"2023-03-06T13:32:22","guid":{"rendered":"https:\/\/www.radiopresidenteibanez.cl\/web\/?p=37894"},"modified":"2023-03-06T10:32:30","modified_gmt":"2023-03-06T13:32:30","slug":"el-mejor-homenaje-a-los-50-anos","status":"publish","type":"post","link":"https:\/\/www.radiopresidenteibanez.cl\/web\/el-mejor-homenaje-a-los-50-anos\/","title":{"rendered":"EL MEJOR HOMENAJE A LOS 50 A\u00d1OS"},"content":{"rendered":"\n<p>Amigos y amigas, la semana pasada, dejamos atr\u00e1s por fin, la etapa m\u00e1s \u00e1lgida de los<br>incendios en las regiones del Maule, Biob\u00edo y La Araucan\u00eda. Ahora, las preocupaciones de los<br>hogares chilenos, se vuelcan al retorno a clases, las compras de \u00fatiles y uniformes. La vuelta al<br>colegio, que ya se inici\u00f3 el pasado 1 de marzo, tendr\u00e1 su s\u00faper lunes, con el retorno masivo de<br>estudiantes en todo el pa\u00eds, esta semana. De alg\u00fan modo, y como dicta nuestra tradici\u00f3n, este<br>es el verdadero inicio del a\u00f1o 2023. Tambi\u00e9n es el inicio del a\u00f1o pol\u00edtico, se terminan de perfilar<br>los nombres, de quienes reforzar\u00e1n los equipos de gobierno con miras al segundo tiempo. M\u00e1s<br>all\u00e1 de los tira y afloja, propios de este tipo de definiciones, resulta evidente, que quienes han<br>tenido un mejor desempe\u00f1o, seg\u00fan la ciudadan\u00eda, son quienes lideran el equipo econ\u00f3mico y el<br>equipo pol\u00edtico. Tanto Mario Marcel, como Carolina Toh\u00e1, son indiscutidamente, quienes<br>cuentan hoy d\u00eda con la mejor evaluaci\u00f3n ciudadana. Es de toda l\u00f3gica que el jefe de gobierno,<br>ejerza con total autonom\u00eda de presiones externas, su facultad de nombrar a sus ministros y<br>ministras, y es obligaci\u00f3n de los partidos de gobierno el respaldarlo. Otra cosa, es que, tras<br>bambalinas, defiendan el desempe\u00f1o de los suyos. Lo que dicta la buena pol\u00edtica, es que estas<br>conversaciones se hagan con discreci\u00f3n. Esto, por respeto a la dignidad de los involucrados, y<br>por un m\u00ednimo decoro en las formas. Desde luego, que est\u00e1n de m\u00e1s las declaraciones en los<br>diarios, para defender como derecho adquirido, lo que se recibi\u00f3 en marzo de 2022. Tambi\u00e9n<br>est\u00e1 dem\u00e1s, usar el mismo medio, para quejarse de la menguada representaci\u00f3n, obtenida en la<br>misma ocasi\u00f3n.<br>La conformaci\u00f3n del nuevo equipo de gobierno, es una verdadera prueba de marzo. Se<br>debe aprobar, porque es lo que permitir\u00e1 continuar avanzando en la carrera. La situaci\u00f3n del<br>pa\u00eds, es expectante. Contra lo que pronosticaron los agoreros del desastre, la situaci\u00f3n<br>econ\u00f3mica se ha estabilizado. La cifra de crecimiento de 0,4% de la econom\u00eda en los \u00faltimos<br>doce meses, por una parte, y un peque\u00f1o crecimiento en la inversi\u00f3n, que muchos daban<br>equivocadamente a la baja, auguran un a\u00f1o 2023 en recuperaci\u00f3n. As\u00ed lo ha manifestado el<br>ministro Marcel, se\u00f1alando que factores de mayor desequilibrio del 2021, como el consumo, se<br>han ido equilibrando. En los \u00faltimos cuatro meses ha bajado el d\u00f3lar, y tambi\u00e9n las tasas de<br>inter\u00e9s de largo plazo. Se proyecta que la inflaci\u00f3n, baje del 10% en abril o a m\u00e1s tardar en<br>mayo de 2023. En otras palabras, lo que expresa el ministro de Hacienda, es que, en base a los<br>datos refrendados por el Banco Central, la econom\u00eda de Chile, no s\u00f3lo no enfrentar\u00e1 una crisis<br>durante este a\u00f1o 2023, sino que ha iniciado su recuperaci\u00f3n, lo que se ver\u00e1 graficado en la<br>reducci\u00f3n de la inflaci\u00f3n, y cifras de crecimiento.<br>En el \u00e1mbito laboral, que es lo que m\u00e1s preocupa a los hogares chilenos, a\u00fan hay<br>bastante tarea por hacer. Seg\u00fan datos del INE, en informe elaborado por el Banco Central, en<br>los \u00faltimos diez a\u00f1os, los datos de desocupaci\u00f3n han variado desde un 6,1% en enero de 2013,<br>a un 8% en enero de 2023. En este lapso, la menor desocupaci\u00f3n se registr\u00f3 en diciembre de<br>2013 con 5,8% y diciembre de 2015 con 5,9%. En tanto el mayor nivel de desocupaci\u00f3n se<br>produjo en julio de 2020 con un peack de 13,1%. Si bien, el mercado laboral ha recuperado<\/p>\n\n\n\n<p>buena parte de los empleos perdidos en la pandemia, a\u00fan resta un esfuerzo mayor para reducir<br>el empleo informal, y el trabajo por cuenta propia. En este escenario, el proyecto de reducci\u00f3n<br>de jornada de trabajo, se ve con preocupaci\u00f3n, sobre todo, por el sector de las pymes. Pero,<br>este proyecto puede ser una oportunidad, en la medida que se refuerce instancias de<br>flexibilidad, que facilite a los trabajadores j\u00f3venes y a las mujeres, acceder al empleo. El<br>proyecto, que ya lleva cinco a\u00f1os de tramitaci\u00f3n, contempla un lapso adecuado de gradualidad<br>en su entrada en vigencia, por lo que se espera que pueda avanzar a la par, con la recuperaci\u00f3n<br>de le econom\u00eda, y la creaci\u00f3n de empleos.<br>La base del bienestar de la poblaci\u00f3n de un pa\u00eds, se funda sobre reglas claras, y<br>estabilidad. Las cifras de la econom\u00eda, y la recuperaci\u00f3n del empleo, abren la posibilidad de<br>poder avanzar sostenidamente, en la recuperaci\u00f3n de niveles de ingreso de las familias<br>chilenas. Pero el equilibrio que permite hacer esta proyecci\u00f3n, es fr\u00e1gil. A la par con la discusi\u00f3n<br>de las reformas previsional y tributaria, del actual gobierno, se preparan ofensivas de sectores<br>populistas que pretenden impulsar nuevos retiros de pensiones. Esa ser\u00eda la muerte de<br>cualquier esperanza de bajar la inflaci\u00f3n, y ser\u00eda caer en un ciclo de descontrol econ\u00f3mico, del<br>que reci\u00e9n nos estamos recuperando. Por otra parte, sectores ultra conservadores, pretenden<br>mantener el estatus quo en materia de impuestos, dificultando el avance de la reforma que<br>pretende aumentar los tributos, al segmento de mayores ingresos. No se ve f\u00e1cil, ni es sencillo,<br>lograr el equilibrio entre los m\u00faltiples intereses que convergen y se contraponen. Pero esa es la<br>importancia de la pol\u00edtica, el arte de gobernar, una noble tarea, que obliga a rodearse de los<br>mejores. No implica rodearse de cortesanos, que asienten y aplauden siempre, implica abrirse a<br>la cr\u00edtica y autocr\u00edtica permanente. Es un proceso de aprendizaje y de pr\u00e1ctica constante. La<br>necesidad de construir acuerdos duraderos, obliga a tender puentes ah\u00ed donde no los hay. Sin<br>mayor\u00edas parlamentarias, es imposible concretar la agenda legislativa del gobierno, y as\u00ed se<br>entendi\u00f3 con el fortalecimiento de la Segpres, el ministerio a cargo de la relaci\u00f3n con el<br>parlamento. Se puede avanzar en la agenda legislativa, en la medida, que se consigan apoyos<br>suficientes, ni discursos testimoniales, ni la amenaza de salir a las calles, sirve cuando se tiene la<br>responsabilidad de gobernar.<br>Para coronar el inicio del a\u00f1o pol\u00edtico, se inicia la campa\u00f1a para elegir a los consejeros<br>constitucionales, quienes redactaran la nueva propuesta constituyente. Sin el morbo de la vez<br>anterior, con espacios acotados por: las 12 bases institucionales, la comisi\u00f3n de admisibilidad, y<br>la comisi\u00f3n de expertos. En esta ocasi\u00f3n, el gobierno debe mantener equidistancia del proceso.<br>La elecci\u00f3n del mes de mayo, es una medici\u00f3n de fuerzas entre los partidos pol\u00edticos de<br>izquierda, centro o derecha, cuya posici\u00f3n respecto de la vida, la sociedad y sobre el futuro, son<br>ampliamente conocidas. La elecci\u00f3n de constituyentes, no es un plebiscito sobre el gobierno, ni<br>sobre el pasado proyecto constituyente. Si el gobierno progresista logra situarse en el rol que le<br>corresponde, como garante del buen funcionamiento del proceso institucional en marcha, se<br>habr\u00e1 ganado un importante reconocimiento de la ciudadan\u00eda. Habr\u00e1 ganado en respeto a una<br>posici\u00f3n republicana, que demuestra seriedad y solvencia pol\u00edtica, propia de un gobierno<br>consciente del rol hist\u00f3rico que le toca jugar.<\/p>\n\n\n\n<p>Si el gobierno progresista logra mantener la mano firme sobre el tim\u00f3n econ\u00f3mico, si<br>logra generar acuerdos m\u00ednimos para su agenda legislativa, al mismo tiempo, que ejerce un rol<br>de garante del proceso constituyente, habr\u00e1 hecho el mayor y m\u00e1s importante homenaje y<br>conmemoraci\u00f3n, a los 50 a\u00f1os del golpe de estado, que, en 1973, trunc\u00f3 las esperanzas de todo<br>un pueblo.<br>Ernesto Sep\u00falveda Tornero<\/p>\n","protected":false},"excerpt":{"rendered":"<p>Amigos y amigas, la semana pasada, dejamos atr\u00e1s por fin, la etapa m\u00e1s \u00e1lgida de losincendios en las regiones del Maule, Biob\u00edo y La Araucan\u00eda. Ahora, las preocupaciones de loshogares&#8230; <a class=\"read-more\" href=\"https:\/\/www.radiopresidenteibanez.cl\/web\/el-mejor-homenaje-a-los-50-anos\/\">Leer m\u00e1s<\/a><\/p>\n","protected":false},"author":2,"featured_media":37895,"comment_status":"closed","ping_status":"closed","sticky":false,"template":"","format":"standard","meta":{"footnotes":""},"categories":[1],"tags":[],"class_list":["post-37894","post","type-post","status-publish","format-standard","has-post-thumbnail","hentry","category-cronica"],"_links":{"self":[{"href":"https:\/\/www.radiopresidenteibanez.cl\/web\/wp-json\/wp\/v2\/posts\/37894","targetHints":{"allow":["GET"]}}],"collection":[{"href":"https:\/\/www.radiopresidenteibanez.cl\/web\/wp-json\/wp\/v2\/posts"}],"about":[{"href":"https:\/\/www.radiopresidenteibanez.cl\/web\/wp-json\/wp\/v2\/types\/post"}],"author":[{"embeddable":true,"href":"https:\/\/www.radiopresidenteibanez.cl\/web\/wp-json\/wp\/v2\/users\/2"}],"replies":[{"embeddable":true,"href":"https:\/\/www.radiopresidenteibanez.cl\/web\/wp-json\/wp\/v2\/comments?post=37894"}],"version-history":[{"count":0,"href":"https:\/\/www.radiopresidenteibanez.cl\/web\/wp-json\/wp\/v2\/posts\/37894\/revisions"}],"wp:featuredmedia":[{"embeddable":true,"href":"https:\/\/www.radiopresidenteibanez.cl\/web\/wp-json\/wp\/v2\/media\/37895"}],"wp:attachment":[{"href":"https:\/\/www.radiopresidenteibanez.cl\/web\/wp-json\/wp\/v2\/media?parent=37894"}],"wp:term":[{"taxonomy":"category","embeddable":true,"href":"https:\/\/www.radiopresidenteibanez.cl\/web\/wp-json\/wp\/v2\/categories?post=37894"},{"taxonomy":"post_tag","embeddable":true,"href":"https:\/\/www.radiopresidenteibanez.cl\/web\/wp-json\/wp\/v2\/tags?post=37894"}],"curies":[{"name":"wp","href":"https:\/\/api.w.org\/{rel}","templated":true}]}}