{"id":3789,"date":"2019-04-30T15:02:27","date_gmt":"2019-04-30T15:02:27","guid":{"rendered":"http:\/\/www.radiopresidenteibanez.cl\/web\/?p=3789"},"modified":"2019-04-30T15:03:01","modified_gmt":"2019-04-30T15:03:01","slug":"jovenes-acudieron-al-llamado-realizado-por-la-seremi-de-salud-para-profundizar-en-tema-de-conducta-sexual-segura","status":"publish","type":"post","link":"https:\/\/www.radiopresidenteibanez.cl\/web\/jovenes-acudieron-al-llamado-realizado-por-la-seremi-de-salud-para-profundizar-en-tema-de-conducta-sexual-segura\/","title":{"rendered":"J\u00d3VENES ACUDIERON AL LLAMADO REALIZADO POR LA SEREMI DE SALUD, PARA PROFUNDIZAR EN TEMA DE CONDUCTA SEXUAL SEGURA"},"content":{"rendered":"\n<p>Adolescentes y j\u00f3venes, principalmente\nde las carreras de Salud, de la Universidad de Magallanes, representantes del\nColegio Pierre Faur\u00e9 y del Liceo Contardi, sumado a integrantes del Consejo de\nSalud Joven de la SEREMI De Salud, se dieron cita este s\u00e1bado 27 de abril desde\nlas 14.30 horas, para compartir, un momento especial de aprendizaje y di\u00e1logo\njuvenil, en el marco de uno de los principales objetivos sanitarios del pa\u00eds,\ncomo es, los avances en la Conducta Sexual Segura, principalmente en poblaci\u00f3n\nentre 15 a 24 a\u00f1os. <\/p>\n\n\n\n<p>El trabajo colaborativo entre los Programas\nde la Autoridad Sanitaria, es una de las estrategias m\u00e1s utilizadas por la\nentidad, para facilitar el acceso de informaci\u00f3n actualizada y que responda a\nlas crecientes&nbsp; inquietudes juveniles,\nrelacionadas con su Salud Mental, Salud Sexual, Nutrici\u00f3n, Participaci\u00f3n y\nDerechos, etc.&nbsp; <\/p>\n\n\n\n<p>En este contexto, la Enfermera\nConstanza Bravo, Encargada Regional del Programa VIH\/SIDA, fue la Encargada de\ncontestar a las m\u00faltiples consultas relacionadas con formas de adquisici\u00f3n del\nvirus, implicancias de la pesquisa a trav\u00e9s del Test R\u00e1pido de VIH, las\nmodificaciones respecto a la realizaci\u00f3n del test de VIH en adolescentes\nmenores de 18 a\u00f1os, entre otras consultas.<\/p>\n\n\n\n<p>En este contexto, la profesional, fue\nla encargada de la entrega y educaci\u00f3n sobre el uso del Cond\u00f3n Femenino, m\u00e9todo\nde barrera, que junto al cond\u00f3n masculino, forman parte de los mecanismos de\nPrevenci\u00f3n frente a las infecciones de transmisi\u00f3n sexual (ITS) y del VIH\/SIDA\nprincipalmente.&nbsp; <\/p>\n\n\n\n<p>As\u00ed tambi\u00e9n, la Profesional realiz\u00f3 el\nllamado, para que durante el segundo bloque de la jornada sabatina, los\npresentes se realizaran el test r\u00e1pido de VIH.&nbsp;\n<\/p>\n\n\n\n<p>Junto a la Enfermera M\u00f3nica Rosas,\nigualmente de la Unidad de Epidemiolog\u00eda de la SEREMI de Salud, se realiz\u00f3 una\nimportante cantidad de test r\u00e1pido de vih, previo a la firma de consentimiento\ninformado por parte de los j\u00f3venes participantes y cerrando la jornada, la\nentrega de resultados, gener\u00f3 satisfacci\u00f3n, por parte de los asistentes.<\/p>\n\n\n\n<p>En este contexto la Encargada del\nPrograma Salud Joven de la SEREMI de Salud, Susana Otey indic\u00f3: \u201cAl igual como hemos observado en otras instancias de\ncontacto comunitario con el segmento joven, tanto el test r\u00e1pido de VIH, como\nla educaci\u00f3n y entrega del cond\u00f3n femenino, han tenido muy buena llegada al\np\u00fablico joven.&nbsp; Esto se relaciona\nprincipalmente porque el paradigma sobre la participaci\u00f3n de la gente joven en\nsu autocuidado y su salud, han ido cambiando.&nbsp;\nHoy en d\u00eda se identifica al adolescente o el joven como un activo\nparticipante de su salud y a mayor informaci\u00f3n actualizada, ofertas cercanas de\nsalud, profesionales y espacios de salud amigables, quiere decir, que tenemos una\nmayor oportunidad como sector, en incidir en que sus decisiones de vida sean\ninformadas y favorables para su futuro.<\/p>\n\n\n\n<p>La pr\u00f3xima jornada de formaci\u00f3n\ndel segmento joven, en temas de salud, se realizar\u00e1 el s\u00e1bado 25 de mayo,\nabordando el tema de Buen trato, como factor protector de la Salud Mental. <\/p>\n\n\n\n<p>Para inscripciones para esta jornada, comunicarse a:<a href=\"mailto:saludjoven.seremi12@redsalud.gov.cl\">saludjoven.seremi12@redsalud.gov.cl<\/a> o al Instagram del consejo de salud joven (@casj.magallanes).<\/p>\n\n\n\n<figure class=\"wp-block-image\"><img loading=\"lazy\" decoding=\"async\" width=\"1024\" height=\"683\" src=\"https:\/\/www.radiopresidenteibanez.cl\/web\/wp-content\/uploads\/2019\/04\/SAM_4837-Copy-1024x683.jpg\" alt=\"\" class=\"wp-image-3790\" srcset=\"https:\/\/www.radiopresidenteibanez.cl\/web\/wp-content\/uploads\/2019\/04\/SAM_4837-Copy-1024x683.jpg 1024w, https:\/\/www.radiopresidenteibanez.cl\/web\/wp-content\/uploads\/2019\/04\/SAM_4837-Copy-300x200.jpg 300w, https:\/\/www.radiopresidenteibanez.cl\/web\/wp-content\/uploads\/2019\/04\/SAM_4837-Copy-768x512.jpg 768w, https:\/\/www.radiopresidenteibanez.cl\/web\/wp-content\/uploads\/2019\/04\/SAM_4837-Copy.jpg 1152w\" sizes=\"auto, (max-width: 1024px) 100vw, 1024px\" \/><figcaption>SAMSUNG CAMERA PICTURES<\/figcaption><\/figure>\n","protected":false},"excerpt":{"rendered":"<p>Adolescentes y j\u00f3venes, principalmente de las carreras de Salud, de la Universidad de Magallanes, representantes del Colegio Pierre Faur\u00e9 y del Liceo Contardi, sumado a integrantes del Consejo de Salud&#8230; <a class=\"read-more\" href=\"https:\/\/www.radiopresidenteibanez.cl\/web\/jovenes-acudieron-al-llamado-realizado-por-la-seremi-de-salud-para-profundizar-en-tema-de-conducta-sexual-segura\/\">Leer m\u00e1s<\/a><\/p>\n","protected":false},"author":2,"featured_media":3790,"comment_status":"closed","ping_status":"closed","sticky":false,"template":"","format":"standard","meta":{"footnotes":""},"categories":[1],"tags":[],"class_list":["post-3789","post","type-post","status-publish","format-standard","has-post-thumbnail","hentry","category-cronica"],"_links":{"self":[{"href":"https:\/\/www.radiopresidenteibanez.cl\/web\/wp-json\/wp\/v2\/posts\/3789","targetHints":{"allow":["GET"]}}],"collection":[{"href":"https:\/\/www.radiopresidenteibanez.cl\/web\/wp-json\/wp\/v2\/posts"}],"about":[{"href":"https:\/\/www.radiopresidenteibanez.cl\/web\/wp-json\/wp\/v2\/types\/post"}],"author":[{"embeddable":true,"href":"https:\/\/www.radiopresidenteibanez.cl\/web\/wp-json\/wp\/v2\/users\/2"}],"replies":[{"embeddable":true,"href":"https:\/\/www.radiopresidenteibanez.cl\/web\/wp-json\/wp\/v2\/comments?post=3789"}],"version-history":[{"count":0,"href":"https:\/\/www.radiopresidenteibanez.cl\/web\/wp-json\/wp\/v2\/posts\/3789\/revisions"}],"wp:featuredmedia":[{"embeddable":true,"href":"https:\/\/www.radiopresidenteibanez.cl\/web\/wp-json\/wp\/v2\/media\/3790"}],"wp:attachment":[{"href":"https:\/\/www.radiopresidenteibanez.cl\/web\/wp-json\/wp\/v2\/media?parent=3789"}],"wp:term":[{"taxonomy":"category","embeddable":true,"href":"https:\/\/www.radiopresidenteibanez.cl\/web\/wp-json\/wp\/v2\/categories?post=3789"},{"taxonomy":"post_tag","embeddable":true,"href":"https:\/\/www.radiopresidenteibanez.cl\/web\/wp-json\/wp\/v2\/tags?post=3789"}],"curies":[{"name":"wp","href":"https:\/\/api.w.org\/{rel}","templated":true}]}}