{"id":37885,"date":"2023-03-05T14:41:00","date_gmt":"2023-03-05T17:41:00","guid":{"rendered":"https:\/\/www.radiopresidenteibanez.cl\/web\/?p=37885"},"modified":"2023-03-05T12:44:07","modified_gmt":"2023-03-05T15:44:07","slug":"realizan-inspeccion-a-transportistas-escolares-en-punta-arenas","status":"publish","type":"post","link":"https:\/\/www.radiopresidenteibanez.cl\/web\/realizan-inspeccion-a-transportistas-escolares-en-punta-arenas\/","title":{"rendered":"Realizan inspecci\u00f3n a transportistas escolares en Punta Arenas"},"content":{"rendered":"\n<p>Una nueva fiscalizaci\u00f3n masiva se realiz\u00f3 al transporte escolar de la capital regional por parte de personal<br>de Fiscalizaci\u00f3n de la seremi de Transportes y Telecomunicaciones en conjunto con Carabineros de 1ra.<br>Comisar\u00eda y de la SIAT Magallanes. La actividad que se desarrolla cada a\u00f1o en el Parque Mar\u00eda Behety,<br>cont\u00f3 con la participaci\u00f3n de una veintena de veh\u00edculos los que obtuvieron el sello que entrega la SIAT,<br>certificando el cumplimiento de la Ley de Tr\u00e1nsito y normativa del MTT.<br>\u201cNuestra idea es lograr que el retorno a clases sea lo m\u00e1s arm\u00f3nica posible. Esta fiscalizaci\u00f3n nos permite<br>evitar que dentro del mes de marzo estemos interrumpiendo la llegada de los escolares a sus<br>establecimientos en la ma\u00f1ana\u201d, se\u00f1al\u00f3 el seremi de Transportes y Telecomunicaciones Rodrigo<br>Hern\u00e1ndez.<br>Mencion\u00f3 que en Punta Arenas hay alrededor de 477 buses en el registro nacional de transporte escolar,<br>de los cu\u00e1les menos de la mitad est\u00e1n realizando el servicio. \u201cHacemos un llamado a los transportistas que tienen su registro al d\u00eda a que retomen el servicio porque de esa manera nos ayudan a descongestionar las calles\u201d, expres\u00f3.<br>Por su parte, el subprefecto de Carabineros comandante Leonardo Herrera Sep\u00falveda inform\u00f3 que esta<br>actividad se revisa la documentaci\u00f3n que exige la Ley tanto a los veh\u00edculos como al conductor, como por<br>ejemplo estar en posesi\u00f3n de la licencia A3. Agreg\u00f3 que en marzo Carabineros incrementa sus servicios<br>policiales en todo Chile y que Punta Arenas no es la excepci\u00f3n.<br>\u201cSe prev\u00e9 que el pr\u00f3ximo lunes ser\u00e1 el retorno masivo a clases y con ello vamos a tener una gran cantidad de veh\u00edculos en las v\u00edas. Por ello hemos implementado servicios especiales de tr\u00e1nsito escolar en horarios punta con la finalidad de evitar que ocurran accidentes y darle mayor seguridad a los escolares cuando lleguen a sus establecimientos\u201d, agreg\u00f3.<br>Exigencias al transporte escolar<br>Quienes realicen transporte escolar deben estar inscrito en el Registro Nacional de Transporte Escolar (se<br>puede verificar con la patente en www.fiscalizacion.cl ), por lo tanto deben entregar una copia autorizada<br>del certificado de inscripci\u00f3n en los establecimientos educacionales que presten servicios, as\u00ed como a los<br>padres y apoderados que lo requieran. Quien conduzca debe portar una tarjeta identificadora con sus datos personales y poseer licencia profesional clase A1 (antigua) o A3.<br>El veh\u00edculo debe portar un letrero triangular sobre el techo con la leyenda \u201cEscolares\u201d. Este letrero podr\u00e1<br>reemplazarse por una identificaci\u00f3n visible que contenga la expresi\u00f3n \u201cEscolares\u201d, ubicada en el costado<br>inferior derecho de la luneta o ventanas posteriores.<\/p>\n\n\n\n<p>El veh\u00edculo debe ser amarillo, pero puede ser blanco si su peso bruto total es igual o superior a 3860 kg y<br>menor o igual a 5500 kg. Deben contar con una luz estrobosc\u00f3pica en el techo, a menos que cuenten con<br>cinta retrorreflectante de color amarillo bajo las ventanas o el veh\u00edculo sea de peso bruto vehicular igual o<br>superior a 3.860 kilogramos.<br>La revisi\u00f3n t\u00e9cnica debe indicar la capacidad m\u00e1xima de pasajeros, cifra que debe ser informada al interior<br>del veh\u00edculo y respetada por el conductor.<br>El tiempo de viaje desde y hacia el colegio no debe superar los 60 minutos, a menos que por condiciones<br>viales, de flujos vehiculares, o fuerza mayor o caso fortuito, se retrase, lo que debe ser informado a los<br>padres o apoderados.<br>En el caso que el transporte escolar lleve m\u00e1s de 5 ni\u00f1os de educaci\u00f3n preescolar, el conductor deber\u00e1<br>viajar acompa\u00f1ado de un adulto. Si el veh\u00edculo tiene a\u00f1o de fabricaci\u00f3n 2007 en adelante, deben contar<br>con cintur\u00f3n de seguridad, EN TODOS LOS ASIENTOS. Se proh\u00edbe el traslado de menores de 12 a\u00f1os en los asientos delanteros.<\/p>\n","protected":false},"excerpt":{"rendered":"<p>Una nueva fiscalizaci\u00f3n masiva se realiz\u00f3 al transporte escolar de la capital regional por parte de personalde Fiscalizaci\u00f3n de la seremi de Transportes y Telecomunicaciones en conjunto con Carabineros de&#8230; <a class=\"read-more\" href=\"https:\/\/www.radiopresidenteibanez.cl\/web\/realizan-inspeccion-a-transportistas-escolares-en-punta-arenas\/\">Leer m\u00e1s<\/a><\/p>\n","protected":false},"author":2,"featured_media":37886,"comment_status":"closed","ping_status":"closed","sticky":false,"template":"","format":"standard","meta":{"footnotes":""},"categories":[1],"tags":[],"class_list":["post-37885","post","type-post","status-publish","format-standard","has-post-thumbnail","hentry","category-cronica"],"_links":{"self":[{"href":"https:\/\/www.radiopresidenteibanez.cl\/web\/wp-json\/wp\/v2\/posts\/37885","targetHints":{"allow":["GET"]}}],"collection":[{"href":"https:\/\/www.radiopresidenteibanez.cl\/web\/wp-json\/wp\/v2\/posts"}],"about":[{"href":"https:\/\/www.radiopresidenteibanez.cl\/web\/wp-json\/wp\/v2\/types\/post"}],"author":[{"embeddable":true,"href":"https:\/\/www.radiopresidenteibanez.cl\/web\/wp-json\/wp\/v2\/users\/2"}],"replies":[{"embeddable":true,"href":"https:\/\/www.radiopresidenteibanez.cl\/web\/wp-json\/wp\/v2\/comments?post=37885"}],"version-history":[{"count":0,"href":"https:\/\/www.radiopresidenteibanez.cl\/web\/wp-json\/wp\/v2\/posts\/37885\/revisions"}],"wp:featuredmedia":[{"embeddable":true,"href":"https:\/\/www.radiopresidenteibanez.cl\/web\/wp-json\/wp\/v2\/media\/37886"}],"wp:attachment":[{"href":"https:\/\/www.radiopresidenteibanez.cl\/web\/wp-json\/wp\/v2\/media?parent=37885"}],"wp:term":[{"taxonomy":"category","embeddable":true,"href":"https:\/\/www.radiopresidenteibanez.cl\/web\/wp-json\/wp\/v2\/categories?post=37885"},{"taxonomy":"post_tag","embeddable":true,"href":"https:\/\/www.radiopresidenteibanez.cl\/web\/wp-json\/wp\/v2\/tags?post=37885"}],"curies":[{"name":"wp","href":"https:\/\/api.w.org\/{rel}","templated":true}]}}