{"id":37858,"date":"2023-03-04T10:22:00","date_gmt":"2023-03-04T13:22:00","guid":{"rendered":"https:\/\/www.radiopresidenteibanez.cl\/web\/?p=37858"},"modified":"2023-03-04T12:49:31","modified_gmt":"2023-03-04T15:49:31","slug":"sernameg-magallanes-abre-inscripciones-2023-al-programa-prevencion-en-violencia-contra-las-mujeres","status":"publish","type":"post","link":"https:\/\/www.radiopresidenteibanez.cl\/web\/sernameg-magallanes-abre-inscripciones-2023-al-programa-prevencion-en-violencia-contra-las-mujeres\/","title":{"rendered":"SernamEG Magallanes abre inscripciones 2023 al programa Prevencion en Violencia contra las Mujeres"},"content":{"rendered":"\n<p>Una nueva convocatoria para participar en el programa Prevenci\u00f3n en Violencia<br>contra las Mujeres abri\u00f3 a nivel nacional y regional el Servicio Nacional de la<br>Mujer y la Equidad de G\u00e9nero (SernamEG). Se trata de charlas, talleres y<br>capacitaciones que van desde las 2 a las 16 horas pedag\u00f3gicas donde se<br>abordan distintas tem\u00e1ticas como G\u00e9nero, Interseccionalidad, Prevenci\u00f3n de la<br>Violencia de G\u00e9nero, entre otras, las cuales se imparten de manera presencial<br>o virtual, dependiendo de la disponibilidad de las personas participantes.<br>\u201cPara erradicar la violencia contra las mujeres adultas, ni\u00f1as, adolescentes,<br>debemos tambi\u00e9n hacerlo con el apoyo de instancias de prevenci\u00f3n, donde<br>todas y todos nos reunamos a conversar sobre esta problem\u00e1tica, el impacto<br>que tiene en la vida de las mujeres y, por supuesto, de sus familias, y as\u00ed<br>seguir generando el cambio de conductas y cultural que tanto necesita nuestra<br>sociedad\u201d, afirm\u00f3 la Directora Nacional del SernamEG, Priscilla Carrasco<br>Pizarro.<br>Al programa de Prevenci\u00f3n en Violencia contra las Mujeres del SernamEG<br>pueden postular j\u00f3venes de 14 a 29 a\u00f1os, pero tambi\u00e9n personas adultas que<br>se relacionen o se vinculen con j\u00f3venes.<br>En Magallanes, el programa se ejecuta en las comunas de Punta Arenas y<br>Natales, desde donde se irradia a las comunas de Porvenir, Torres del Payne,<br>Cabo de Hornos, R\u00edo Verde y Laguna Blanca, contando este 2023 con 200<br>cupos para capacitaci\u00f3n y 600 cupos para sensibilizaci\u00f3n. As\u00ed lo detall\u00f3 la<br>Encargada Regional del programa en Magallanes, Carolina Kamann Subiabre,<br>quien destac\u00f3 la alta demanda de este programa el a\u00f1o pasado, el cual<br>mediante actividades de difusi\u00f3n, coordinaci\u00f3n interinstitucional, y talleres de<br>sensibilizaci\u00f3n y capacitaci\u00f3n, alcanz\u00f3 una cobertura total de 6 mil 448<br>participantes.<br>Cabe destacar que cada una de las personas que participen en los talleres<br>recibir\u00e1 un certificado por su formaci\u00f3n, ya sea como monitor, monitora o<br>agentes preventivos en violencia contra las mujeres. El formulario de<br>inscripci\u00f3n en disponible en el sitio web www.sernameg.gob.cl. Adem\u00e1s, para<br>gestiones institucionales, intersectoriales y redes locales, pueden contactarse a<br>los fonos +56954751254 (Punta Arenas), +56997219286 (Natales),<br>+56225499379 (OIRS SernamEG Magallanes), o al correo electr\u00f3nico<br>carolina.kamann@sernameg.gob.cl.<\/p>\n","protected":false},"excerpt":{"rendered":"<p>Una nueva convocatoria para participar en el programa Prevenci\u00f3n en Violenciacontra las Mujeres abri\u00f3 a nivel nacional y regional el Servicio Nacional de laMujer y la Equidad de G\u00e9nero (SernamEG)&#8230;. <a class=\"read-more\" href=\"https:\/\/www.radiopresidenteibanez.cl\/web\/sernameg-magallanes-abre-inscripciones-2023-al-programa-prevencion-en-violencia-contra-las-mujeres\/\">Leer m\u00e1s<\/a><\/p>\n","protected":false},"author":2,"featured_media":37859,"comment_status":"closed","ping_status":"closed","sticky":false,"template":"","format":"standard","meta":{"footnotes":""},"categories":[1],"tags":[],"class_list":["post-37858","post","type-post","status-publish","format-standard","has-post-thumbnail","hentry","category-cronica"],"_links":{"self":[{"href":"https:\/\/www.radiopresidenteibanez.cl\/web\/wp-json\/wp\/v2\/posts\/37858","targetHints":{"allow":["GET"]}}],"collection":[{"href":"https:\/\/www.radiopresidenteibanez.cl\/web\/wp-json\/wp\/v2\/posts"}],"about":[{"href":"https:\/\/www.radiopresidenteibanez.cl\/web\/wp-json\/wp\/v2\/types\/post"}],"author":[{"embeddable":true,"href":"https:\/\/www.radiopresidenteibanez.cl\/web\/wp-json\/wp\/v2\/users\/2"}],"replies":[{"embeddable":true,"href":"https:\/\/www.radiopresidenteibanez.cl\/web\/wp-json\/wp\/v2\/comments?post=37858"}],"version-history":[{"count":0,"href":"https:\/\/www.radiopresidenteibanez.cl\/web\/wp-json\/wp\/v2\/posts\/37858\/revisions"}],"wp:featuredmedia":[{"embeddable":true,"href":"https:\/\/www.radiopresidenteibanez.cl\/web\/wp-json\/wp\/v2\/media\/37859"}],"wp:attachment":[{"href":"https:\/\/www.radiopresidenteibanez.cl\/web\/wp-json\/wp\/v2\/media?parent=37858"}],"wp:term":[{"taxonomy":"category","embeddable":true,"href":"https:\/\/www.radiopresidenteibanez.cl\/web\/wp-json\/wp\/v2\/categories?post=37858"},{"taxonomy":"post_tag","embeddable":true,"href":"https:\/\/www.radiopresidenteibanez.cl\/web\/wp-json\/wp\/v2\/tags?post=37858"}],"curies":[{"name":"wp","href":"https:\/\/api.w.org\/{rel}","templated":true}]}}