{"id":37842,"date":"2023-03-03T10:19:00","date_gmt":"2023-03-03T13:19:00","guid":{"rendered":"https:\/\/www.radiopresidenteibanez.cl\/web\/?p=37842"},"modified":"2023-03-03T08:21:06","modified_gmt":"2023-03-03T11:21:06","slug":"iniciativa-municipal-busca-construir-el-nuevo-cesfam-carlos-ibanez-en-terrenos-del-ex-pudeto","status":"publish","type":"post","link":"https:\/\/www.radiopresidenteibanez.cl\/web\/iniciativa-municipal-busca-construir-el-nuevo-cesfam-carlos-ibanez-en-terrenos-del-ex-pudeto\/","title":{"rendered":"<strong>INICIATIVA MUNICIPAL BUSCA CONSTRUIR EL NUEVO CESFAM CARLOS IB\u00c1\u00d1EZ EN TERRENOS DEL EX PUDETO<\/strong>"},"content":{"rendered":"\n<p>&nbsp;Durante esta jornada, el Alcalde de Punta Arenas, Claudio Radonich, sostuvo una extensa reuni\u00f3n con la Ministra de Bienes Nacionales, Javiera Toro C\u00e1ceres, instancia en la cual dialogaron respecto a diversas iniciativas vinculadas al desarrollo de la comuna magall\u00e1nica, siendo una de ellas la que dice relaci\u00f3n con utilizar los terrenos del ex regimiento Pudeto para la construcci\u00f3n del nuevo Centro de Salud Familiar, Carlos Ib\u00e1\u00f1ez, el cual se encuentra a la espera de su materializaci\u00f3n.<\/p>\n\n\n\n<p>\u201cHemos generado un plan para poder plantearle a la Ministra, que los terrenos del ex Pudeto, que pertenecen al Ej\u00e9rcito, puedan ser traspasados a dicho Ministerio, con el fin de construir ah\u00ed, el nuevo Centro de Salud Familiar Carlos Ib\u00e1\u00f1ez, pero adem\u00e1s trasladar a otro terreno colindante, las dependencias de la Direcci\u00f3n de Operaciones del municipio\u201d, inform\u00f3 el Alcalde de la capital magall\u00e1nica.<\/p>\n\n\n\n<p>Radonich agreg\u00f3 que \u201cdentro de los loteos que existen, hay dos que solicitamos de manera concreta, y dicen relaci\u00f3n con los que est\u00e1n ubicados en Avenida Frei con calle Pedro B\u00f3rquez, esquina que se conecta con el actual consultorio Ib\u00e1\u00f1ez, por lo que nos gustar\u00eda generar toda la tramitaci\u00f3n y todas las gestiones para que ese espacio pueda ser utilizado para construir el nuevo CESFAM Carlos Ib\u00e1\u00f1ez, lo cual nos permitir\u00eda mejorar el est\u00e1ndar con \u00e1reas m\u00e1s amplias&nbsp;&nbsp;y con una capacidad acorde a las necesidades que tiene ese lado de la comuna\u201d.<\/p>\n\n\n\n<p>Asimismo, el jefe comunal explic\u00f3 que al lado de ese loteo, existe otro espacio que cuenta con cerca de 20 mil metros cuadrados, donde perfectamente se podr\u00eda instalar la Direcci\u00f3n de Operaciones de la Municipalidad de Punta Arenas, quienes est\u00e1n a cargo de las maquinarias, talleres, material electoral, bodegas con sal para el invierno, entre otras cosas, y que claramente no cuenta con las dependencias necesarias para los funcionarios, y que hoy ocupan el borde costero en las ex dependencias de ASMAR.<\/p>\n\n\n\n<p>\u201cHay que recordar que nuestra Municipalidad tiene que responder de manera oportuna a diversas emergencias que ocurren en la comuna, como tambi\u00e9n todo lo relacionado a la mejora de caminos periurbanos, etc\u00e9tera, por tanto, este cambio nos permitir\u00eda poder reaccionar de mejor forma, mejorar el est\u00e1ndar en bodegaje, estacionamiento para las maquinarias, as\u00ed que hemos realizado la petici\u00f3n formal, para que esos terrenos puedan ser destinados para tales fines\u201d, detall\u00f3.<\/p>\n\n\n\n<p>Finalmente, y luego de presentar ambas propuestas, la autoridad puntarenense agradeci\u00f3 a la Ministra Toro por su disposici\u00f3n y gentileza, y dijo que \u201cesperamos que esta iniciativa prospere, por el bien de la comuna y los vecinos de Punta Arenas, raz\u00f3n por la cual durante esta jornada concretamos dicha solicitud de manera formal\u201d.<\/p>\n","protected":false},"excerpt":{"rendered":"<p>&nbsp;Durante esta jornada, el Alcalde de Punta Arenas, Claudio Radonich, sostuvo una extensa reuni\u00f3n con la Ministra de Bienes Nacionales, Javiera Toro C\u00e1ceres, instancia en la cual dialogaron respecto a&#8230; <a class=\"read-more\" href=\"https:\/\/www.radiopresidenteibanez.cl\/web\/iniciativa-municipal-busca-construir-el-nuevo-cesfam-carlos-ibanez-en-terrenos-del-ex-pudeto\/\">Leer m\u00e1s<\/a><\/p>\n","protected":false},"author":2,"featured_media":37843,"comment_status":"closed","ping_status":"closed","sticky":false,"template":"","format":"standard","meta":{"footnotes":""},"categories":[1],"tags":[],"class_list":["post-37842","post","type-post","status-publish","format-standard","has-post-thumbnail","hentry","category-cronica"],"_links":{"self":[{"href":"https:\/\/www.radiopresidenteibanez.cl\/web\/wp-json\/wp\/v2\/posts\/37842","targetHints":{"allow":["GET"]}}],"collection":[{"href":"https:\/\/www.radiopresidenteibanez.cl\/web\/wp-json\/wp\/v2\/posts"}],"about":[{"href":"https:\/\/www.radiopresidenteibanez.cl\/web\/wp-json\/wp\/v2\/types\/post"}],"author":[{"embeddable":true,"href":"https:\/\/www.radiopresidenteibanez.cl\/web\/wp-json\/wp\/v2\/users\/2"}],"replies":[{"embeddable":true,"href":"https:\/\/www.radiopresidenteibanez.cl\/web\/wp-json\/wp\/v2\/comments?post=37842"}],"version-history":[{"count":0,"href":"https:\/\/www.radiopresidenteibanez.cl\/web\/wp-json\/wp\/v2\/posts\/37842\/revisions"}],"wp:featuredmedia":[{"embeddable":true,"href":"https:\/\/www.radiopresidenteibanez.cl\/web\/wp-json\/wp\/v2\/media\/37843"}],"wp:attachment":[{"href":"https:\/\/www.radiopresidenteibanez.cl\/web\/wp-json\/wp\/v2\/media?parent=37842"}],"wp:term":[{"taxonomy":"category","embeddable":true,"href":"https:\/\/www.radiopresidenteibanez.cl\/web\/wp-json\/wp\/v2\/categories?post=37842"},{"taxonomy":"post_tag","embeddable":true,"href":"https:\/\/www.radiopresidenteibanez.cl\/web\/wp-json\/wp\/v2\/tags?post=37842"}],"curies":[{"name":"wp","href":"https:\/\/api.w.org\/{rel}","templated":true}]}}