{"id":37836,"date":"2023-03-03T08:10:04","date_gmt":"2023-03-03T11:10:04","guid":{"rendered":"https:\/\/www.radiopresidenteibanez.cl\/web\/?p=37836"},"modified":"2023-03-03T08:10:11","modified_gmt":"2023-03-03T11:10:11","slug":"avanza-contencion-del-incendio-en-tierra-del-fuego","status":"publish","type":"post","link":"https:\/\/www.radiopresidenteibanez.cl\/web\/avanza-contencion-del-incendio-en-tierra-del-fuego\/","title":{"rendered":"Avanza contenci\u00f3n del incendio en Tierra del Fuego"},"content":{"rendered":"\n<p>Cinco de los seis focos del incendio rural que afecta a la comuna de<br>Primavera, en Tierra del Fuego, est\u00e1n \u201canclados\u201d, han bajado su<br>intensidad y seg\u00fan la variabilidad del clima se pueden generar las<br>condiciones para ser totalmente contenido, informaron las autoridades<br>que est\u00e1n a cargo de afrontar la emergencia.<br>Para este viernes se espera una ventana clim\u00e1tica favorable para<br>combatir el incendio, pero para la tarde los pron\u00f3sticos indican que habr\u00e1<br>vientos de hasta 80 kil\u00f3metros por hora, lo que podr\u00eda dificultar las tareas<br>de los 70 brigadistas y bomberos.<br>La Delegada Presidencial Regional, Luz Berm\u00fadez, se mostr\u00f3 optimista<br>sobre las posibilidades de derrotar el fuego en el cuadrante que falta y<br>con ello contener y controlar toda el \u00e1rea afectada, que hoy \u2013seg\u00fan<br>nuevas mediciones permitidas por el desplazamiento de humaredas- se<br>extiende a 2.704 hect\u00e1reas en el sector llamado Cruce Percy. La delegada<br>Presidencial enfatiz\u00f3 que no se trata de una ampliaci\u00f3n de la zona<br>quemada, sino de una nueva medici\u00f3n que ha sido posible por el<br>desplazamiento de los humos.<br>La autoridad regional indic\u00f3 que se mantendr\u00e1 la \u201cAlerta roja\u201d mientras el<br>fuego no sea totalmente contenido, as\u00ed como la mantenci\u00f3n de los equipos<br>de combatientes y los recursos destinados a la emergencia.<br>En la zona afectada est\u00e1n operando ocho t\u00e9cnicos, tres brigadas y un<br>helic\u00f3ptero de Conaf; Bomberos de Punta Arenas y Porvenir; Carabineros,<br>dos Brife del Ej\u00e9rcito; personal de las empresas ENAP y Constructora<\/p>\n\n\n\n<p>Vilicic; con el apoyo de dos camiones aljibe, dos motoniveladoras y una<br>retroexcavadora. Unas 90 personas en total, 20 de las cuales son t\u00e9cnicos.<br>El director de Senapred, Juan Carlos Andrades, apunt\u00f3 a la eficiencia del<br>trabajo realizado, que atribuy\u00f3 a la coordinaci\u00f3n temprana de las<br>autoridades como la Delegaci\u00f3n Presidencial regional y provincial, al<br>alcalde de la comuna y los organismos especializados. El especialista<br>destac\u00f3 que la log\u00edstica desplegada para esta emergencia y los<br>aprendizajes obtenidos de situaciones anterior han permitido una<br>planificaci\u00f3n operativa m\u00e1s eficaz, como el oportuno recambio de fuerzas<br>de reemplazo, habilitar infraestructura para alojamiento y comida del<br>personal, mantener equipos sanitarios y un centro de mando en el lugar.<\/p>\n","protected":false},"excerpt":{"rendered":"<p>Cinco de los seis focos del incendio rural que afecta a la comuna dePrimavera, en Tierra del Fuego, est\u00e1n \u201canclados\u201d, han bajado suintensidad y seg\u00fan la variabilidad del clima se&#8230; <a class=\"read-more\" href=\"https:\/\/www.radiopresidenteibanez.cl\/web\/avanza-contencion-del-incendio-en-tierra-del-fuego\/\">Leer m\u00e1s<\/a><\/p>\n","protected":false},"author":2,"featured_media":37837,"comment_status":"closed","ping_status":"closed","sticky":false,"template":"","format":"standard","meta":{"footnotes":""},"categories":[1],"tags":[],"class_list":["post-37836","post","type-post","status-publish","format-standard","has-post-thumbnail","hentry","category-cronica"],"_links":{"self":[{"href":"https:\/\/www.radiopresidenteibanez.cl\/web\/wp-json\/wp\/v2\/posts\/37836","targetHints":{"allow":["GET"]}}],"collection":[{"href":"https:\/\/www.radiopresidenteibanez.cl\/web\/wp-json\/wp\/v2\/posts"}],"about":[{"href":"https:\/\/www.radiopresidenteibanez.cl\/web\/wp-json\/wp\/v2\/types\/post"}],"author":[{"embeddable":true,"href":"https:\/\/www.radiopresidenteibanez.cl\/web\/wp-json\/wp\/v2\/users\/2"}],"replies":[{"embeddable":true,"href":"https:\/\/www.radiopresidenteibanez.cl\/web\/wp-json\/wp\/v2\/comments?post=37836"}],"version-history":[{"count":0,"href":"https:\/\/www.radiopresidenteibanez.cl\/web\/wp-json\/wp\/v2\/posts\/37836\/revisions"}],"wp:featuredmedia":[{"embeddable":true,"href":"https:\/\/www.radiopresidenteibanez.cl\/web\/wp-json\/wp\/v2\/media\/37837"}],"wp:attachment":[{"href":"https:\/\/www.radiopresidenteibanez.cl\/web\/wp-json\/wp\/v2\/media?parent=37836"}],"wp:term":[{"taxonomy":"category","embeddable":true,"href":"https:\/\/www.radiopresidenteibanez.cl\/web\/wp-json\/wp\/v2\/categories?post=37836"},{"taxonomy":"post_tag","embeddable":true,"href":"https:\/\/www.radiopresidenteibanez.cl\/web\/wp-json\/wp\/v2\/tags?post=37836"}],"curies":[{"name":"wp","href":"https:\/\/api.w.org\/{rel}","templated":true}]}}