{"id":37814,"date":"2023-03-02T11:39:00","date_gmt":"2023-03-02T14:39:00","guid":{"rendered":"https:\/\/www.radiopresidenteibanez.cl\/web\/?p=37814"},"modified":"2023-03-02T10:46:51","modified_gmt":"2023-03-02T13:46:51","slug":"alcalde-radonich-propone-regionalizar-los-juegos-panamericanos-2023","status":"publish","type":"post","link":"https:\/\/www.radiopresidenteibanez.cl\/web\/alcalde-radonich-propone-regionalizar-los-juegos-panamericanos-2023\/","title":{"rendered":"<strong>ALCALDE RADONICH PROPONE REGIONALIZAR LOS JUEGOS PANAMERICANOS 2023<\/strong>"},"content":{"rendered":"\n<p>Con el fin de concretar diversas iniciativas deportivas en la comuna de Punta Arenas, el Alcalde Claudio Radonich sostuvo una reuni\u00f3n con la Ministra del Deporte, Alexandra Benado, instancia en la cual el jefe comunal propuso \u201cregionalizar los Juegos Panamericanos 2023\u201d, puesto que si bien la cita es en Santiago, ello no impide poder trasladar a regiones como la nuestra, diversas cl\u00ednicas y talleres para estudiantes o deportistas emergentes, lo cual fue bien recibido por la representante de dicha cartera.<\/p>\n\n\n\n<p>En la ocasi\u00f3n, el Alcalde argument\u00f3 que \u201clo que buscamos es que el esfuerzo que hacemos como Municipalidad pueda tener la colaboraci\u00f3n activa por parte del Gobierno para permitir que nuestra ciudad se involucre con esta fiesta deportiva, como son los Juegos Panamericanos 2023\u201d.<\/p>\n\n\n\n<p>\u201cPedimos regionalizar los Juegos, de tal forma de que el Ministerio del Deporte, pueda colaborar en traer equipos y jugadores participantes de los pr\u00f3ximo Juegos Panamericanos 2023, para realizar cl\u00ednicas o talleres, y as\u00ed poder ver exhibiciones de primer nivel&nbsp;&nbsp;dentro de las condiciones que tenemos en nuestra ciudad, sabiendo que no tenemos un polideportivo para poder concretar partidos oficiales\u201d, agreg\u00f3 Radonich.<\/p>\n\n\n\n<p>La autoridad comunal expres\u00f3 adem\u00e1s que \u201cesperamos que el lanzamiento tenga considerada alguna fecha en Punta Arenas, y que incluya actividades en las que pueda participar la comunidad local, vinculando nuestras actividades de invierno por ejemplo, o siendo parte de alguna de los eventos que est\u00e1n programadas\u201d.<\/p>\n\n\n\n<p>Junto a ello, se plante\u00f3 la necesidad de que j\u00f3venes deportistas magall\u00e1nicos puedan presenciar los juegos en Santiago, ya que es una oportunidad \u00fanica para una generaci\u00f3n de deportistas y estudiantes, quienes podr\u00edan acceder a figuras de talla mundial, siendo un premio para los deportistas magall\u00e1nicos que hacen un gran esfuerzo por salir adelante desde este rinc\u00f3n del mundo.<\/p>\n\n\n\n<p>Finalmente, el Alcalde de Punta Arenas, dijo que \u201cesperamos poder concretar y planificar de buena forma estas iniciativas que fueron muy bien recibidas por la Ministra y el Director Nacional del IND, ya que es importante regionalizar no s\u00f3lo los Juegos Panamericanos 2023, sino que el deporte en su conjunto, para que m\u00e1s j\u00f3venes talentos puedan brillar en cada una de las disciplinas deportivas que practiquen\u201d.<\/p>\n","protected":false},"excerpt":{"rendered":"<p>Con el fin de concretar diversas iniciativas deportivas en la comuna de Punta Arenas, el Alcalde Claudio Radonich sostuvo una reuni\u00f3n con la Ministra del Deporte, Alexandra Benado, instancia en&#8230; <a class=\"read-more\" href=\"https:\/\/www.radiopresidenteibanez.cl\/web\/alcalde-radonich-propone-regionalizar-los-juegos-panamericanos-2023\/\">Leer m\u00e1s<\/a><\/p>\n","protected":false},"author":2,"featured_media":37815,"comment_status":"closed","ping_status":"closed","sticky":false,"template":"","format":"standard","meta":{"footnotes":""},"categories":[1],"tags":[],"class_list":["post-37814","post","type-post","status-publish","format-standard","has-post-thumbnail","hentry","category-cronica"],"_links":{"self":[{"href":"https:\/\/www.radiopresidenteibanez.cl\/web\/wp-json\/wp\/v2\/posts\/37814","targetHints":{"allow":["GET"]}}],"collection":[{"href":"https:\/\/www.radiopresidenteibanez.cl\/web\/wp-json\/wp\/v2\/posts"}],"about":[{"href":"https:\/\/www.radiopresidenteibanez.cl\/web\/wp-json\/wp\/v2\/types\/post"}],"author":[{"embeddable":true,"href":"https:\/\/www.radiopresidenteibanez.cl\/web\/wp-json\/wp\/v2\/users\/2"}],"replies":[{"embeddable":true,"href":"https:\/\/www.radiopresidenteibanez.cl\/web\/wp-json\/wp\/v2\/comments?post=37814"}],"version-history":[{"count":0,"href":"https:\/\/www.radiopresidenteibanez.cl\/web\/wp-json\/wp\/v2\/posts\/37814\/revisions"}],"wp:featuredmedia":[{"embeddable":true,"href":"https:\/\/www.radiopresidenteibanez.cl\/web\/wp-json\/wp\/v2\/media\/37815"}],"wp:attachment":[{"href":"https:\/\/www.radiopresidenteibanez.cl\/web\/wp-json\/wp\/v2\/media?parent=37814"}],"wp:term":[{"taxonomy":"category","embeddable":true,"href":"https:\/\/www.radiopresidenteibanez.cl\/web\/wp-json\/wp\/v2\/categories?post=37814"},{"taxonomy":"post_tag","embeddable":true,"href":"https:\/\/www.radiopresidenteibanez.cl\/web\/wp-json\/wp\/v2\/tags?post=37814"}],"curies":[{"name":"wp","href":"https:\/\/api.w.org\/{rel}","templated":true}]}}