{"id":3781,"date":"2019-04-30T14:50:06","date_gmt":"2019-04-30T14:50:06","guid":{"rendered":"http:\/\/www.radiopresidenteibanez.cl\/web\/?p=3781"},"modified":"2019-04-30T14:50:39","modified_gmt":"2019-04-30T14:50:39","slug":"gobierno-en-terreno-en-la-ucam-fue-todo-un-exito","status":"publish","type":"post","link":"https:\/\/www.radiopresidenteibanez.cl\/web\/gobierno-en-terreno-en-la-ucam-fue-todo-un-exito\/","title":{"rendered":"GOBIERNO EN TERRENO EN LA UCAM FUE TODO UN \u00c9XITO"},"content":{"rendered":"\n<p>La Uni\u00f3n Comunal de Adultos Mayores y la sede\nvecinal del sector, albergaron este s\u00e1bado al tercer gobierno en terreno en lo\nque va corrido del a\u00f1o. La actividad con un componente dirigido a la prevenci\u00f3n\nde intoxicaciones por mon\u00f3xido de carbono, que cont\u00f3 con la presencia de la SEC\npara orientar a los asistentes acerca de este tema.<\/p>\n\n\n\n<p>La\njornada adem\u00e1s, convoc\u00f3 la presencia de varios servicios, ofreciendo a los\nasistentes atenci\u00f3n podol\u00f3gica, del Instituto Santo Tom\u00e1s, ginecol\u00f3gica con\ntoma de Papanicolau, de la Seremi de Salud, odontol\u00f3gica a trav\u00e9s de la\nconsulta m\u00f3vil de la municipalidad, \u201cYo aperro\u201d, con atenci\u00f3n a mascotas e\nimplantaci\u00f3n de chip, Conaf, Sernameg y diversos tr\u00e1mites y consultas que los\nvecinos pudieron resolver.<\/p>\n\n\n\n<p>La autoridad provincial, gobernador Homero Villegas, valor\u00f3 la presencia, tanto de los servicios, como de los asistentes e indic\u00f3 \u201ces importante que los servicios, autoridades, funcionarios se acerquen al territorio, lleguen hasta los vecinos de diferentes sectores, quienes muchas veces por razones de tiempo, o distancia, no logran acercarse hasta los servicios para realizar sus tr\u00e1mites, por esa raz\u00f3n el programa Gobierno Presente es una instancia muy positiva, y una de las coordinaciones que realiza la gobernaci\u00f3n, que m\u00e1s satisfacciones entrega\u201d.<\/p>\n\n\n\n<figure class=\"wp-block-image\"><img loading=\"lazy\" decoding=\"async\" width=\"1024\" height=\"768\" src=\"https:\/\/www.radiopresidenteibanez.cl\/web\/wp-content\/uploads\/2019\/04\/WhatsApp-Image-2019-04-29-at-16.40.54-3-1024x768.jpeg\" alt=\"\" class=\"wp-image-3782\" srcset=\"https:\/\/www.radiopresidenteibanez.cl\/web\/wp-content\/uploads\/2019\/04\/WhatsApp-Image-2019-04-29-at-16.40.54-3-1024x768.jpeg 1024w, https:\/\/www.radiopresidenteibanez.cl\/web\/wp-content\/uploads\/2019\/04\/WhatsApp-Image-2019-04-29-at-16.40.54-3-300x225.jpeg 300w, https:\/\/www.radiopresidenteibanez.cl\/web\/wp-content\/uploads\/2019\/04\/WhatsApp-Image-2019-04-29-at-16.40.54-3-768x576.jpeg 768w, https:\/\/www.radiopresidenteibanez.cl\/web\/wp-content\/uploads\/2019\/04\/WhatsApp-Image-2019-04-29-at-16.40.54-3.jpeg 1280w\" sizes=\"auto, (max-width: 1024px) 100vw, 1024px\" \/><\/figure>\n","protected":false},"excerpt":{"rendered":"<p>La Uni\u00f3n Comunal de Adultos Mayores y la sede vecinal del sector, albergaron este s\u00e1bado al tercer gobierno en terreno en lo que va corrido del a\u00f1o. La actividad con&#8230; <a class=\"read-more\" href=\"https:\/\/www.radiopresidenteibanez.cl\/web\/gobierno-en-terreno-en-la-ucam-fue-todo-un-exito\/\">Leer m\u00e1s<\/a><\/p>\n","protected":false},"author":2,"featured_media":3782,"comment_status":"closed","ping_status":"closed","sticky":false,"template":"","format":"standard","meta":{"footnotes":""},"categories":[1],"tags":[],"class_list":["post-3781","post","type-post","status-publish","format-standard","has-post-thumbnail","hentry","category-cronica"],"_links":{"self":[{"href":"https:\/\/www.radiopresidenteibanez.cl\/web\/wp-json\/wp\/v2\/posts\/3781","targetHints":{"allow":["GET"]}}],"collection":[{"href":"https:\/\/www.radiopresidenteibanez.cl\/web\/wp-json\/wp\/v2\/posts"}],"about":[{"href":"https:\/\/www.radiopresidenteibanez.cl\/web\/wp-json\/wp\/v2\/types\/post"}],"author":[{"embeddable":true,"href":"https:\/\/www.radiopresidenteibanez.cl\/web\/wp-json\/wp\/v2\/users\/2"}],"replies":[{"embeddable":true,"href":"https:\/\/www.radiopresidenteibanez.cl\/web\/wp-json\/wp\/v2\/comments?post=3781"}],"version-history":[{"count":0,"href":"https:\/\/www.radiopresidenteibanez.cl\/web\/wp-json\/wp\/v2\/posts\/3781\/revisions"}],"wp:featuredmedia":[{"embeddable":true,"href":"https:\/\/www.radiopresidenteibanez.cl\/web\/wp-json\/wp\/v2\/media\/3782"}],"wp:attachment":[{"href":"https:\/\/www.radiopresidenteibanez.cl\/web\/wp-json\/wp\/v2\/media?parent=3781"}],"wp:term":[{"taxonomy":"category","embeddable":true,"href":"https:\/\/www.radiopresidenteibanez.cl\/web\/wp-json\/wp\/v2\/categories?post=3781"},{"taxonomy":"post_tag","embeddable":true,"href":"https:\/\/www.radiopresidenteibanez.cl\/web\/wp-json\/wp\/v2\/tags?post=3781"}],"curies":[{"name":"wp","href":"https:\/\/api.w.org\/{rel}","templated":true}]}}