{"id":37793,"date":"2023-03-01T15:15:00","date_gmt":"2023-03-01T18:15:00","guid":{"rendered":"https:\/\/www.radiopresidenteibanez.cl\/web\/?p=37793"},"modified":"2023-03-01T11:59:20","modified_gmt":"2023-03-01T14:59:20","slug":"208-personas-se-encuentran-inhabilitadas-en-la-regionpara-trabajar-con-infancias-y-adolescencias","status":"publish","type":"post","link":"https:\/\/www.radiopresidenteibanez.cl\/web\/208-personas-se-encuentran-inhabilitadas-en-la-regionpara-trabajar-con-infancias-y-adolescencias\/","title":{"rendered":"208 PERSONAS SE ENCUENTRAN INHABILITADAS EN LA REGI\u00d3N<br>PARA TRABAJAR CON INFANCIAS Y ADOLESCENCIAS"},"content":{"rendered":"\n<p>Como primeros responsables en el cuidado de ni\u00f1os, ni\u00f1as y adolescentes, los padres y madres<br>disponen de una \u00fatil herramienta como lo es el Registro de Inhabilidades para Trabajar con<br>Menores de Edad, al momento previo de confiar a otras personas adultas el transporte o el<br>cuidado de sus hijos o hijas en etapa escolar. De ah\u00ed que las autoridades regionales de Justicia y<br>Educaci\u00f3n, coincidiendo con el retorno a clases, formularon un llamado a padres y madres a<br>consultar en l\u00ednea aquella plataforma que mantiene el Servicio de Registro Civil e Identificaci\u00f3n<br>(www.registrocivil.gob.cl), tr\u00e1mite que se realiza de manera gratuita y confidencial.<br>De acuerdo a los datos que maneja esta entidad, al 31 de enero de este a\u00f1o el Registro de<br>Inhabilidades estaba integrado por 13.492 personas a nivel nacional y en la Regi\u00f3n de Magallanes<br>hay inscritas 208 personas (correspondientes a 207 hombres y una mujer). Al respecto, la Seremi<br>de Justicia y de DD.HH, Michelle Peutat Alvarado, se\u00f1al\u00f3 que cualquier persona natural o jur\u00eddica<br>que requiera contratar a alguien para alg\u00fan empleo, cargo, oficio o profesi\u00f3n que involucre una<br>relaci\u00f3n directa y habitual con menores de edad, puede acceder a revisar el Registro de<br>Inhabilidades y ver si est\u00e1 o no en condiciones de ejercer la funci\u00f3n, \u201csobre todo por la<br>importancia que tiene para nuestro ministerio la protecci\u00f3n de derechos de ni\u00f1os, ni\u00f1as y<br>adolescentes\u201d.<br>Aqu\u00ed queda de manifiesto la utilidad del Registro de Inhabilidades, creado en 2012, el cual se<br>actualiza diariamente y a la fecha ha recibido casi 12 millones de consultas por parte de la<br>ciudadan\u00eda. A su vez, el Seremi de Educaci\u00f3n, Valent\u00edn Aguilera G\u00f3mez, valor\u00f3 el trabajo realizado<br>por la Seremi de Justicia y DD.HH., en torno a la difusi\u00f3n de este importante requerimiento en el<br>sistema escolar, que permite entregar seguridad a las familias de Magallanes. \u201cCon el regreso a<br>clases, es fundamental que las y los estudiantes cuenten con un contexto de resguardo para su<br>bienestar y desarrollo integral. En este sentido, una de las exigencias de la normativa, es que los y<br>las funcionarias que se desempe\u00f1en en los establecimientos educacionales, cuenten con idoneidad<br>para el cargo, no presentando inhabilidades para trabajar con ni\u00f1os, ni\u00f1as y adolescentes. Ante<\/p>\n\n\n\n<p>ello, existe el Registro de Inhabilidades y Certificado de Antecedentes, que fiscaliza la<br>Superintendencia de Educaci\u00f3n en todas las escuelas de Chile\u201d, subray\u00f3.<br>En tanto, el Director Regional (S) del Servicio de Registro Civil e Identificaci\u00f3n, Arturo Aranda<br>Harambour, explic\u00f3 que para realizar una consulta en el Registro de Inhabilidades, se debe<br>acceder al sitio web del servicio, pinchar la secci\u00f3n \u201cservicios en l\u00ednea\u201d, luego seleccionar<br>\u201cconsultas de registros en l\u00ednea\u201d, e ingresar a \u201cinhabilidades para trabajar con menores\u201d. En dicha<br>pantalla, se requerir\u00e1 el nombre y RUN del solicitante y de la persona consultada, para acceder a la<br>informaci\u00f3n requerida.<br>A la luz de la cifra de 208 personas inhabilitadas para trabajar con escolares a nivel regional,<br>recalc\u00f3 la importancia que tiene esta herramienta teniendo en cuenta la seguridad de ni\u00f1os, ni\u00f1as<br>y adolescentes, particularmente en esta \u00e9poca del a\u00f1o cuando se contratan servicios<br>educacionales, de transporte escolar, salas cunas o jard\u00edn infantil, entre otras.<\/p>\n","protected":false},"excerpt":{"rendered":"<p>Como primeros responsables en el cuidado de ni\u00f1os, ni\u00f1as y adolescentes, los padres y madresdisponen de una \u00fatil herramienta como lo es el Registro de Inhabilidades para Trabajar conMenores de&#8230; <a class=\"read-more\" href=\"https:\/\/www.radiopresidenteibanez.cl\/web\/208-personas-se-encuentran-inhabilitadas-en-la-regionpara-trabajar-con-infancias-y-adolescencias\/\">Leer m\u00e1s<\/a><\/p>\n","protected":false},"author":2,"featured_media":37794,"comment_status":"closed","ping_status":"closed","sticky":false,"template":"","format":"standard","meta":{"footnotes":""},"categories":[1],"tags":[],"class_list":["post-37793","post","type-post","status-publish","format-standard","has-post-thumbnail","hentry","category-cronica"],"_links":{"self":[{"href":"https:\/\/www.radiopresidenteibanez.cl\/web\/wp-json\/wp\/v2\/posts\/37793","targetHints":{"allow":["GET"]}}],"collection":[{"href":"https:\/\/www.radiopresidenteibanez.cl\/web\/wp-json\/wp\/v2\/posts"}],"about":[{"href":"https:\/\/www.radiopresidenteibanez.cl\/web\/wp-json\/wp\/v2\/types\/post"}],"author":[{"embeddable":true,"href":"https:\/\/www.radiopresidenteibanez.cl\/web\/wp-json\/wp\/v2\/users\/2"}],"replies":[{"embeddable":true,"href":"https:\/\/www.radiopresidenteibanez.cl\/web\/wp-json\/wp\/v2\/comments?post=37793"}],"version-history":[{"count":0,"href":"https:\/\/www.radiopresidenteibanez.cl\/web\/wp-json\/wp\/v2\/posts\/37793\/revisions"}],"wp:featuredmedia":[{"embeddable":true,"href":"https:\/\/www.radiopresidenteibanez.cl\/web\/wp-json\/wp\/v2\/media\/37794"}],"wp:attachment":[{"href":"https:\/\/www.radiopresidenteibanez.cl\/web\/wp-json\/wp\/v2\/media?parent=37793"}],"wp:term":[{"taxonomy":"category","embeddable":true,"href":"https:\/\/www.radiopresidenteibanez.cl\/web\/wp-json\/wp\/v2\/categories?post=37793"},{"taxonomy":"post_tag","embeddable":true,"href":"https:\/\/www.radiopresidenteibanez.cl\/web\/wp-json\/wp\/v2\/tags?post=37793"}],"curies":[{"name":"wp","href":"https:\/\/api.w.org\/{rel}","templated":true}]}}