{"id":3779,"date":"2019-04-30T14:46:24","date_gmt":"2019-04-30T14:46:24","guid":{"rendered":"http:\/\/www.radiopresidenteibanez.cl\/web\/?p=3779"},"modified":"2019-04-30T14:47:03","modified_gmt":"2019-04-30T14:47:03","slug":"edelmag-valora-suspension-y-devolucion-de-cobro-por-medidores-inteligentes","status":"publish","type":"post","link":"https:\/\/www.radiopresidenteibanez.cl\/web\/edelmag-valora-suspension-y-devolucion-de-cobro-por-medidores-inteligentes\/","title":{"rendered":"EDELMAG VALORA SUSPENSI\u00d3N Y DEVOLUCI\u00d3N DE COBRO POR MEDIDORES INTELIGENTES"},"content":{"rendered":"\n<p>En relaci\u00f3n al anuncio realizado por el Ministerio de Energ\u00eda sobre el proyecto de medidores inteligentes y considerando la voluntariedad de la medida y la extensi\u00f3n de plazo, EDELMAG valora la iniciativa de suspender y devolver el cobro ya realizado por este concepto.<\/p>\n\n\n\n<p>Desde\nun principio, EDELMAG ha planteado la importancia de que la instalaci\u00f3n de\nestos medidores se realice con el convencimiento generalizado de sus ventajas\npor parte de la ciudadan\u00eda. Para ello, comunicar\u00e1 e informar\u00e1 a sus clientes de\nlos beneficios que traer\u00e1 esta medida.<\/p>\n\n\n\n<p>Asimismo, la empresa reitera su compromiso y total disposici\u00f3n para aclarar las dudas e inquietudes que puedan tener sus clientes sobre este proceso. Lo anterior, en base a la informaci\u00f3n que defina la autoridad. <\/p>\n\n\n\n<figure class=\"wp-block-image\"><img loading=\"lazy\" decoding=\"async\" width=\"900\" height=\"675\" src=\"http:\/\/www.radiopresidenteibanez.cl\/web\/wp-content\/uploads\/2019\/01\/EDELMAG7.jpg\" alt=\"\" class=\"wp-image-714\" srcset=\"https:\/\/www.radiopresidenteibanez.cl\/web\/wp-content\/uploads\/2019\/01\/EDELMAG7.jpg 900w, https:\/\/www.radiopresidenteibanez.cl\/web\/wp-content\/uploads\/2019\/01\/EDELMAG7-300x225.jpg 300w, https:\/\/www.radiopresidenteibanez.cl\/web\/wp-content\/uploads\/2019\/01\/EDELMAG7-768x576.jpg 768w\" sizes=\"auto, (max-width: 900px) 100vw, 900px\" \/><\/figure>\n","protected":false},"excerpt":{"rendered":"<p>En relaci\u00f3n al anuncio realizado por el Ministerio de Energ\u00eda sobre el proyecto de medidores inteligentes y considerando la voluntariedad de la medida y la extensi\u00f3n de plazo, EDELMAG valora&#8230; <a class=\"read-more\" href=\"https:\/\/www.radiopresidenteibanez.cl\/web\/edelmag-valora-suspension-y-devolucion-de-cobro-por-medidores-inteligentes\/\">Leer m\u00e1s<\/a><\/p>\n","protected":false},"author":2,"featured_media":714,"comment_status":"closed","ping_status":"closed","sticky":false,"template":"","format":"standard","meta":{"footnotes":""},"categories":[1],"tags":[],"class_list":["post-3779","post","type-post","status-publish","format-standard","has-post-thumbnail","hentry","category-cronica"],"_links":{"self":[{"href":"https:\/\/www.radiopresidenteibanez.cl\/web\/wp-json\/wp\/v2\/posts\/3779","targetHints":{"allow":["GET"]}}],"collection":[{"href":"https:\/\/www.radiopresidenteibanez.cl\/web\/wp-json\/wp\/v2\/posts"}],"about":[{"href":"https:\/\/www.radiopresidenteibanez.cl\/web\/wp-json\/wp\/v2\/types\/post"}],"author":[{"embeddable":true,"href":"https:\/\/www.radiopresidenteibanez.cl\/web\/wp-json\/wp\/v2\/users\/2"}],"replies":[{"embeddable":true,"href":"https:\/\/www.radiopresidenteibanez.cl\/web\/wp-json\/wp\/v2\/comments?post=3779"}],"version-history":[{"count":0,"href":"https:\/\/www.radiopresidenteibanez.cl\/web\/wp-json\/wp\/v2\/posts\/3779\/revisions"}],"wp:featuredmedia":[{"embeddable":true,"href":"https:\/\/www.radiopresidenteibanez.cl\/web\/wp-json\/wp\/v2\/media\/714"}],"wp:attachment":[{"href":"https:\/\/www.radiopresidenteibanez.cl\/web\/wp-json\/wp\/v2\/media?parent=3779"}],"wp:term":[{"taxonomy":"category","embeddable":true,"href":"https:\/\/www.radiopresidenteibanez.cl\/web\/wp-json\/wp\/v2\/categories?post=3779"},{"taxonomy":"post_tag","embeddable":true,"href":"https:\/\/www.radiopresidenteibanez.cl\/web\/wp-json\/wp\/v2\/tags?post=3779"}],"curies":[{"name":"wp","href":"https:\/\/api.w.org\/{rel}","templated":true}]}}