{"id":37774,"date":"2023-03-01T09:18:34","date_gmt":"2023-03-01T12:18:34","guid":{"rendered":"https:\/\/www.radiopresidenteibanez.cl\/web\/?p=37774"},"modified":"2023-03-01T09:18:41","modified_gmt":"2023-03-01T12:18:41","slug":"con-un-presupuesto-de-110-mil-millones-de-pesos-para-2023-mop-magallanes-espera-desarrollar-obras-emblematicas-en-nuestra-region","status":"publish","type":"post","link":"https:\/\/www.radiopresidenteibanez.cl\/web\/con-un-presupuesto-de-110-mil-millones-de-pesos-para-2023-mop-magallanes-espera-desarrollar-obras-emblematicas-en-nuestra-region\/","title":{"rendered":"CON UN PRESUPUESTO DE 110 MIL MILLONES DE PESOS PARA 2023 MOP MAGALLANES ESPERA DESARROLLAR OBRAS EMBLEMATICAS EN NUESTRA REGION"},"content":{"rendered":"\n<p>Dahian oyarzun, seremi del Obras Publicas, se\u00f1alo que para este 2023 el ministerio aumento su presupuesto en 40 mil millones llegando a un presupuesto de 110 mil millones a comparaci\u00f3n del a\u00f1o 2022 que hab\u00edan 80 mil millones para ejecuci\u00f3n de obras<\/p>\n\n\n\n<p>La seremi Oyarzun, agrego que con este aumento sin duda se podr\u00e1n licitar importantes obras en la regi\u00f3n las cuales ser\u00e1n un desarrollo importante para Magallanes, adem\u00e1s de los proyectos que ya est\u00e1n en ejecuci\u00f3n.<\/p>\n\n\n\n<p>Desde el ministerio tenemos una mirada descentralizadora y esperamos tambi\u00e9n poder desarrollar un trabajo en conjunto donde sean los municipios los que nos ayuden a poder conocer cuales son las necesidades mas urgentes en cada comuna de nuestra regi\u00f3n<\/p>\n","protected":false},"excerpt":{"rendered":"<p>Dahian oyarzun, seremi del Obras Publicas, se\u00f1alo que para este 2023 el ministerio aumento su presupuesto en 40 mil millones llegando a un presupuesto de 110 mil millones a comparaci\u00f3n&#8230; <a class=\"read-more\" href=\"https:\/\/www.radiopresidenteibanez.cl\/web\/con-un-presupuesto-de-110-mil-millones-de-pesos-para-2023-mop-magallanes-espera-desarrollar-obras-emblematicas-en-nuestra-region\/\">Leer m\u00e1s<\/a><\/p>\n","protected":false},"author":2,"featured_media":37775,"comment_status":"closed","ping_status":"closed","sticky":false,"template":"","format":"standard","meta":{"footnotes":""},"categories":[1],"tags":[],"class_list":["post-37774","post","type-post","status-publish","format-standard","has-post-thumbnail","hentry","category-cronica"],"_links":{"self":[{"href":"https:\/\/www.radiopresidenteibanez.cl\/web\/wp-json\/wp\/v2\/posts\/37774","targetHints":{"allow":["GET"]}}],"collection":[{"href":"https:\/\/www.radiopresidenteibanez.cl\/web\/wp-json\/wp\/v2\/posts"}],"about":[{"href":"https:\/\/www.radiopresidenteibanez.cl\/web\/wp-json\/wp\/v2\/types\/post"}],"author":[{"embeddable":true,"href":"https:\/\/www.radiopresidenteibanez.cl\/web\/wp-json\/wp\/v2\/users\/2"}],"replies":[{"embeddable":true,"href":"https:\/\/www.radiopresidenteibanez.cl\/web\/wp-json\/wp\/v2\/comments?post=37774"}],"version-history":[{"count":0,"href":"https:\/\/www.radiopresidenteibanez.cl\/web\/wp-json\/wp\/v2\/posts\/37774\/revisions"}],"wp:featuredmedia":[{"embeddable":true,"href":"https:\/\/www.radiopresidenteibanez.cl\/web\/wp-json\/wp\/v2\/media\/37775"}],"wp:attachment":[{"href":"https:\/\/www.radiopresidenteibanez.cl\/web\/wp-json\/wp\/v2\/media?parent=37774"}],"wp:term":[{"taxonomy":"category","embeddable":true,"href":"https:\/\/www.radiopresidenteibanez.cl\/web\/wp-json\/wp\/v2\/categories?post=37774"},{"taxonomy":"post_tag","embeddable":true,"href":"https:\/\/www.radiopresidenteibanez.cl\/web\/wp-json\/wp\/v2\/tags?post=37774"}],"curies":[{"name":"wp","href":"https:\/\/api.w.org\/{rel}","templated":true}]}}