{"id":37765,"date":"2023-02-28T17:55:00","date_gmt":"2023-02-28T20:55:00","guid":{"rendered":"https:\/\/www.radiopresidenteibanez.cl\/web\/?p=37765"},"modified":"2023-02-28T11:44:15","modified_gmt":"2023-02-28T14:44:15","slug":"conaf-invita-a-la-comunidad-a-tour-geologico-por-la-reserva-nacional-magallanes","status":"publish","type":"post","link":"https:\/\/www.radiopresidenteibanez.cl\/web\/conaf-invita-a-la-comunidad-a-tour-geologico-por-la-reserva-nacional-magallanes\/","title":{"rendered":"<strong>CONAF invita a la comunidad a tour geol\u00f3gico por la Reserva Nacional Magallanes<\/strong>"},"content":{"rendered":"\n<p>Se trata de una salida a terreno por el sector \u00abLos Picachos\u00bb, lugar donde se dar\u00e1 a conocer la geolog\u00eda de la reserva gracias al trabajo de tesis realizado por Fernando Valenzuela,\u00a0 guardaparques y tesista en la Reserva Magallanes, qui\u00e9n se encuentra realizando su proyecto de t\u00edtulo\u00a0 \u00abEvaluaci\u00f3n del patrimonio geol\u00f3gico en la Reserva Nacional Magallanes (Regi\u00f3n de Magallanes y de la Ant\u00e1rtica Chilena) para el desarrollo de actividades educativas, tur\u00edsticas y de conservaci\u00f3n\u00bb.\u00a0Uno de los objetivos es poder ense\u00f1ar a la comunidad sobre geolog\u00eda y, en espec\u00edfico, sobre el \u00e1rea de la reserva. Las personas interesadas deben considerar que el Tour es de mediana dificultad por existencia de terrenos con desniveles, por lo que la visita ser\u00e1 guiada por tres guardaparques de CONAF<br>La actividad es de cupos limitados (15 a 20 personas), se mantiene el ingreso normal a la reserva (compra de ticket de ingreso)\u00a0 y las personas deben llenar un formulario en el siguiente link:<a href=\"https:\/\/forms.office.com\/r\/nuiRSMEdiJ\" target=\"_blank\" rel=\"noreferrer noopener\">https:\/\/forms.office.com\/r\/nuiRSMEdiJ<\/a><\/p>\n","protected":false},"excerpt":{"rendered":"<p>Se trata de una salida a terreno por el sector \u00abLos Picachos\u00bb, lugar donde se dar\u00e1 a conocer la geolog\u00eda de la reserva gracias al trabajo de tesis realizado por&#8230; <a class=\"read-more\" href=\"https:\/\/www.radiopresidenteibanez.cl\/web\/conaf-invita-a-la-comunidad-a-tour-geologico-por-la-reserva-nacional-magallanes\/\">Leer m\u00e1s<\/a><\/p>\n","protected":false},"author":2,"featured_media":37766,"comment_status":"closed","ping_status":"closed","sticky":false,"template":"","format":"standard","meta":{"footnotes":""},"categories":[1],"tags":[],"class_list":["post-37765","post","type-post","status-publish","format-standard","has-post-thumbnail","hentry","category-cronica"],"_links":{"self":[{"href":"https:\/\/www.radiopresidenteibanez.cl\/web\/wp-json\/wp\/v2\/posts\/37765","targetHints":{"allow":["GET"]}}],"collection":[{"href":"https:\/\/www.radiopresidenteibanez.cl\/web\/wp-json\/wp\/v2\/posts"}],"about":[{"href":"https:\/\/www.radiopresidenteibanez.cl\/web\/wp-json\/wp\/v2\/types\/post"}],"author":[{"embeddable":true,"href":"https:\/\/www.radiopresidenteibanez.cl\/web\/wp-json\/wp\/v2\/users\/2"}],"replies":[{"embeddable":true,"href":"https:\/\/www.radiopresidenteibanez.cl\/web\/wp-json\/wp\/v2\/comments?post=37765"}],"version-history":[{"count":0,"href":"https:\/\/www.radiopresidenteibanez.cl\/web\/wp-json\/wp\/v2\/posts\/37765\/revisions"}],"wp:featuredmedia":[{"embeddable":true,"href":"https:\/\/www.radiopresidenteibanez.cl\/web\/wp-json\/wp\/v2\/media\/37766"}],"wp:attachment":[{"href":"https:\/\/www.radiopresidenteibanez.cl\/web\/wp-json\/wp\/v2\/media?parent=37765"}],"wp:term":[{"taxonomy":"category","embeddable":true,"href":"https:\/\/www.radiopresidenteibanez.cl\/web\/wp-json\/wp\/v2\/categories?post=37765"},{"taxonomy":"post_tag","embeddable":true,"href":"https:\/\/www.radiopresidenteibanez.cl\/web\/wp-json\/wp\/v2\/tags?post=37765"}],"curies":[{"name":"wp","href":"https:\/\/api.w.org\/{rel}","templated":true}]}}