{"id":37748,"date":"2023-02-28T12:49:00","date_gmt":"2023-02-28T15:49:00","guid":{"rendered":"https:\/\/www.radiopresidenteibanez.cl\/web\/?p=37748"},"modified":"2023-02-28T10:40:51","modified_gmt":"2023-02-28T13:40:51","slug":"director-del-servicio-local-de-educacion-publica-de-magallanes-informo-de-estado-de-avance-de-la-educacion-publica-a-subsecretario-de-educacion","status":"publish","type":"post","link":"https:\/\/www.radiopresidenteibanez.cl\/web\/director-del-servicio-local-de-educacion-publica-de-magallanes-informo-de-estado-de-avance-de-la-educacion-publica-a-subsecretario-de-educacion\/","title":{"rendered":"<a><strong>DIRECTOR DEL SERVICIO LOCAL DE EDUCACI\u00d3N P\u00daBLICA DE MAGALLANES INFORM\u00d3 DE ESTADO DE AVANCE DE LA EDUCACI\u00d3N P\u00daBLICA A SUBSECRETARIO DE EDUCACI\u00d3N<\/strong><\/a>"},"content":{"rendered":"\n<p>Una reuni\u00f3n protocolar sostuvo el director ejecutivo del Servicio Local de Educaci\u00f3n P\u00fablica de Magallanes, Mario Garc\u00eda Mart\u00ednez, con el Subsecretario de educaci\u00f3n Gabriel Bosque, cuyo objetivo fue abordar el fortalecimiento del trabajo de los Servicios Locales de Educaci\u00f3n P\u00fablica, que contin\u00faan progresivamente implement\u00e1ndose en todo el territorio nacional.<\/p>\n\n\n\n<p>En la ocasi\u00f3n, el secretario ejecutivo abord\u00f3 adem\u00e1s con la autoridad nacional el detalle de lo que ha sido el proceso de implementaci\u00f3n y avance del SLEP Magallanes, enfatizando el trabajo en red y colaborativo entre el Slep, Deprov y Seremi de Educaci\u00f3n.<\/p>\n\n\n\n<p>\u201cEstamos poniendo el foco de nuestro trabajo en levantar las principales necesidades que presentan los establecimientos y sus comunidades educativas, informaci\u00f3n que nos permitir\u00e1 direccionar nuestros objetivos de gesti\u00f3n\u201d, detall\u00f3 Mario Garc\u00eda, al concluir la visita.<\/p>\n\n\n\n<p>Finalmente, el director ejecutivo valor\u00f3 la posibilidad de informar de manera personal al Subsecretario de Educaci\u00f3n, Gabriel Bosque, a quien detall\u00f3 el trabajo que se est\u00e1 llevando a cabo por parte de los funcionarios del Servicio Local, de cara al desaf\u00edo que significar\u00e1 asumir la administraci\u00f3n de la Educaci\u00f3n en la regi\u00f3n de Magallanes. \u201cEstamos trabajando para mejorar los procesos y asumir la educaci\u00f3n p\u00fablica optimizando los procesos de ense\u00f1anza-aprendizaje y potenciando los procesos administrativos y financieros\u201d, dijo Garc\u00eda.<\/p>\n\n\n\n<p>Junto a lo anterior, Mario Garc\u00eda relev\u00f3 la oportunidad que ha significado desplegarse en el territorio, que ha permitido conocer de manera personal a los 53 establecimientos y 10 jardines VTF que formar\u00e1n parte del nuevo servicio el pr\u00f3ximo 1 de enero de 2024.<\/p>\n","protected":false},"excerpt":{"rendered":"<p>Una reuni\u00f3n protocolar sostuvo el director ejecutivo del Servicio Local de Educaci\u00f3n P\u00fablica de Magallanes, Mario Garc\u00eda Mart\u00ednez, con el Subsecretario de educaci\u00f3n Gabriel Bosque, cuyo objetivo fue abordar el&#8230; <a class=\"read-more\" href=\"https:\/\/www.radiopresidenteibanez.cl\/web\/director-del-servicio-local-de-educacion-publica-de-magallanes-informo-de-estado-de-avance-de-la-educacion-publica-a-subsecretario-de-educacion\/\">Leer m\u00e1s<\/a><\/p>\n","protected":false},"author":2,"featured_media":37749,"comment_status":"closed","ping_status":"closed","sticky":false,"template":"","format":"standard","meta":{"footnotes":""},"categories":[1],"tags":[],"class_list":["post-37748","post","type-post","status-publish","format-standard","has-post-thumbnail","hentry","category-cronica"],"_links":{"self":[{"href":"https:\/\/www.radiopresidenteibanez.cl\/web\/wp-json\/wp\/v2\/posts\/37748","targetHints":{"allow":["GET"]}}],"collection":[{"href":"https:\/\/www.radiopresidenteibanez.cl\/web\/wp-json\/wp\/v2\/posts"}],"about":[{"href":"https:\/\/www.radiopresidenteibanez.cl\/web\/wp-json\/wp\/v2\/types\/post"}],"author":[{"embeddable":true,"href":"https:\/\/www.radiopresidenteibanez.cl\/web\/wp-json\/wp\/v2\/users\/2"}],"replies":[{"embeddable":true,"href":"https:\/\/www.radiopresidenteibanez.cl\/web\/wp-json\/wp\/v2\/comments?post=37748"}],"version-history":[{"count":0,"href":"https:\/\/www.radiopresidenteibanez.cl\/web\/wp-json\/wp\/v2\/posts\/37748\/revisions"}],"wp:featuredmedia":[{"embeddable":true,"href":"https:\/\/www.radiopresidenteibanez.cl\/web\/wp-json\/wp\/v2\/media\/37749"}],"wp:attachment":[{"href":"https:\/\/www.radiopresidenteibanez.cl\/web\/wp-json\/wp\/v2\/media?parent=37748"}],"wp:term":[{"taxonomy":"category","embeddable":true,"href":"https:\/\/www.radiopresidenteibanez.cl\/web\/wp-json\/wp\/v2\/categories?post=37748"},{"taxonomy":"post_tag","embeddable":true,"href":"https:\/\/www.radiopresidenteibanez.cl\/web\/wp-json\/wp\/v2\/tags?post=37748"}],"curies":[{"name":"wp","href":"https:\/\/api.w.org\/{rel}","templated":true}]}}