{"id":37732,"date":"2023-02-27T17:57:00","date_gmt":"2023-02-27T20:57:00","guid":{"rendered":"https:\/\/www.radiopresidenteibanez.cl\/web\/?p=37732"},"modified":"2023-02-27T12:01:10","modified_gmt":"2023-02-27T15:01:10","slug":"ultimos-dias-para-postular-a-condonacion-de-intereses-por-mora-en-la-tia-rica","status":"publish","type":"post","link":"https:\/\/www.radiopresidenteibanez.cl\/web\/ultimos-dias-para-postular-a-condonacion-de-intereses-por-mora-en-la-tia-rica\/","title":{"rendered":"\u00daltimos d\u00edas para postular a condonaci\u00f3n de intereses por mora en \u00abLa Tia Rica\u00bb"},"content":{"rendered":"\n<p>Este martes 28 de febrero concluye el plazo para que los<br>usuarios y usuarias de la Direcci\u00f3n General de Cr\u00e9dito Prendario (Dicrep) -conocida como la \u201cT\u00eda<br>Rica\u201d- postulen a los beneficios de la condonaci\u00f3n de intereses por mora.<br>A nivel nacional, son m\u00e1s de 10 mil las personas que han utilizado los servicios de la Dicrep y que<br>son potenciales beneficiarios de esta iniciativa, la cual permite a quien lo solicite eximirse del pago<br>de todos los intereses por mora generados tras el inicio de la pandemia, entre el 25 de marzo de<br>2020 y el 31 de marzo de 2022.<br>Al respecto, la Seremi del Trabajo y Previsi\u00f3n Social, Doris Sandoval, invit\u00f3, nuevamente, a las<br>usuarias y usuarios de \u201cLa T\u00eda Rica\u201d en Punta Arenas a consultar sobre este beneficio y postular a<br>\u00e9l antes de que concluya el plazo final de acceso.<br>\u201cEstamos haciendo un llamado importante a la comunidad, especialmente a todas y todos quienes<br>hayan accedido a alg\u00fan cr\u00e9dito con la Dicrep previo a la pandemia y creen que pueden ser<br>beneficiados con esta medida, ingresen al sitio web de la T\u00eda Rica, www.dicrep.cl con su Rut para<br>saber si pueden acogerse a esta condonaci\u00f3n de intereses que ya ha dado apoyo a un total de 125<br>personas en la regi\u00f3n y que forma parte del programa Chile Apoya implementado nuestro<br>gobierno para ir en ayuda de las personas y familias que m\u00e1s lo necesitan\u201d, expuso la autoridad.<br>A nivel regional, existe un universo potencial de 534 usuarios y usuarias que podr\u00edan acogerse a<br>este beneficio y, seg\u00fan lo informado por la Dicrep Magallanes, a la fecha, un total de 125 personas<br>se han adscrito, lo que corresponde a un 23,41% del total de eventuales beneficiarios.<br>Por lo mismo, el director regional de la DICREP Magallanes, Claudio Reyes, record\u00f3 los pasos a<br>seguir para hacer efectiva la condonaci\u00f3n.<br>\u201cLa persona deber\u00e1 acercarse con su respectiva p\u00f3liza vencida a nuestras oficinas y firmar el<br>formulario de solicitud en la OIRS, al confirmar el monto que debe cancelar, tiene que acudir a la<br>caja para hacer v\u00e1lido el descuento al momento de efectuar el pago, siempre con dinero en<br>efectivo. Todo esto hasta el 28 de febrero\u201d, recalc\u00f3 el director.<br>La sucursal regional de la DICREP est\u00e1 ubicada en calle Lautaro Navarro N\u00b01024, Punta Arenas y<br>funciona de lunes a viernes en horario de 9.00 a 14:00 horas.<\/p>\n","protected":false},"excerpt":{"rendered":"<p>Este martes 28 de febrero concluye el plazo para que losusuarios y usuarias de la Direcci\u00f3n General de Cr\u00e9dito Prendario (Dicrep) -conocida como la \u201cT\u00edaRica\u201d- postulen a los beneficios de&#8230; <a class=\"read-more\" href=\"https:\/\/www.radiopresidenteibanez.cl\/web\/ultimos-dias-para-postular-a-condonacion-de-intereses-por-mora-en-la-tia-rica\/\">Leer m\u00e1s<\/a><\/p>\n","protected":false},"author":2,"featured_media":37733,"comment_status":"closed","ping_status":"closed","sticky":false,"template":"","format":"standard","meta":{"footnotes":""},"categories":[1],"tags":[],"class_list":["post-37732","post","type-post","status-publish","format-standard","has-post-thumbnail","hentry","category-cronica"],"_links":{"self":[{"href":"https:\/\/www.radiopresidenteibanez.cl\/web\/wp-json\/wp\/v2\/posts\/37732","targetHints":{"allow":["GET"]}}],"collection":[{"href":"https:\/\/www.radiopresidenteibanez.cl\/web\/wp-json\/wp\/v2\/posts"}],"about":[{"href":"https:\/\/www.radiopresidenteibanez.cl\/web\/wp-json\/wp\/v2\/types\/post"}],"author":[{"embeddable":true,"href":"https:\/\/www.radiopresidenteibanez.cl\/web\/wp-json\/wp\/v2\/users\/2"}],"replies":[{"embeddable":true,"href":"https:\/\/www.radiopresidenteibanez.cl\/web\/wp-json\/wp\/v2\/comments?post=37732"}],"version-history":[{"count":0,"href":"https:\/\/www.radiopresidenteibanez.cl\/web\/wp-json\/wp\/v2\/posts\/37732\/revisions"}],"wp:featuredmedia":[{"embeddable":true,"href":"https:\/\/www.radiopresidenteibanez.cl\/web\/wp-json\/wp\/v2\/media\/37733"}],"wp:attachment":[{"href":"https:\/\/www.radiopresidenteibanez.cl\/web\/wp-json\/wp\/v2\/media?parent=37732"}],"wp:term":[{"taxonomy":"category","embeddable":true,"href":"https:\/\/www.radiopresidenteibanez.cl\/web\/wp-json\/wp\/v2\/categories?post=37732"},{"taxonomy":"post_tag","embeddable":true,"href":"https:\/\/www.radiopresidenteibanez.cl\/web\/wp-json\/wp\/v2\/tags?post=37732"}],"curies":[{"name":"wp","href":"https:\/\/api.w.org\/{rel}","templated":true}]}}