{"id":3773,"date":"2019-04-30T14:35:38","date_gmt":"2019-04-30T14:35:38","guid":{"rendered":"http:\/\/www.radiopresidenteibanez.cl\/web\/?p=3773"},"modified":"2019-04-30T14:36:22","modified_gmt":"2019-04-30T14:36:22","slug":"alcalde-concejo-municipal-y-reina-de-puerto-natales-hicieron-el-lanzamiento-de-las-actividades-para-su-aniversario-108-en-punta-arenas","status":"publish","type":"post","link":"https:\/\/www.radiopresidenteibanez.cl\/web\/alcalde-concejo-municipal-y-reina-de-puerto-natales-hicieron-el-lanzamiento-de-las-actividades-para-su-aniversario-108-en-punta-arenas\/","title":{"rendered":"ALCALDE, CONCEJO MUNICIPAL Y REINA DE PUERTO NATALES, HICIERON EL LANZAMIENTO DE LAS ACTIVIDADES PARA SU ANIVERSARIO 108 EN PUNTA ARENAS"},"content":{"rendered":"\n<p>Este\n2019, la comuna de Puerto Natales cumple 108 a\u00f1os, y es por esto que el\nmunicipio de la capital de \u00daltima Esperanza, realiz\u00f3 el lanzamiento de sus\nactividades conmemorativas de estas fiestas en Puerto Natales, buscando que la\ncomunidad magall\u00e1nica participe de estas durante el mes de mayo.<\/p>\n\n\n\n<p>&nbsp;Por lo anterior el Alcalde Fernando Paredes,\njunto a su concejo municipal y la reina del a\u00f1o 2018, Anasol Mansilla, se\ntrasladaron hasta las dependencias del Centro Cultural de Punta Arenas, con la\nintenci\u00f3n de dar a conocer la parrilla de artistas que comienza este pr\u00f3ximo 4\nde mayo con; Abel Pintos y la presentaci\u00f3n de las candidatas a reinas.<\/p>\n\n\n\n<p>Las\nactividades siguen el 10 de mayo con la celebraci\u00f3n del d\u00eda de la madre, con la\npresencia de Amaro G\u00f3mez Pablo, as\u00ed tambi\u00e9n durante el mes habr\u00e1n actividades\ncomo el Acordonazo, corrida nocturna, el d\u00eda 18 de mayo, carnaval de\naniversario, 20 de mayo Santa Feria y zumbaton, 24 de mayo Recordando una\nVelada con German Casas.<\/p>\n\n\n\n<p>Para\nfinalizar las actividades se contar\u00e1 con la presencia de Jorge Al\u00eds y Mar\u00eda\nJos\u00e9 Quintanilla e pr\u00f3ximo d\u00eda 25 de mayo, mismo d\u00eda que se realizar\u00e1 la\nCoronaci\u00f3n de la Reina, al d\u00eda siguiente 26 del mes antes mencionado se har\u00e1 la\nFiesta de la Reina y todo concluir\u00e1 el 31 de mayo con los Fuegos Artificiales.<\/p>\n\n\n\n<p>Cabe mencionar que este pr\u00f3ximo 5 de mayo tambi\u00e9n se realizar\u00e1 la presentaci\u00f3n de las candidatas a reina en Punta Arenas.<\/p>\n\n\n\n<figure class=\"wp-block-image\"><img loading=\"lazy\" decoding=\"async\" width=\"960\" height=\"720\" src=\"https:\/\/www.radiopresidenteibanez.cl\/web\/wp-content\/uploads\/2019\/04\/58902305_10219141062736658_8068997179739471872_n.jpg\" alt=\"\" class=\"wp-image-3774\" srcset=\"https:\/\/www.radiopresidenteibanez.cl\/web\/wp-content\/uploads\/2019\/04\/58902305_10219141062736658_8068997179739471872_n.jpg 960w, https:\/\/www.radiopresidenteibanez.cl\/web\/wp-content\/uploads\/2019\/04\/58902305_10219141062736658_8068997179739471872_n-300x225.jpg 300w, https:\/\/www.radiopresidenteibanez.cl\/web\/wp-content\/uploads\/2019\/04\/58902305_10219141062736658_8068997179739471872_n-768x576.jpg 768w\" sizes=\"auto, (max-width: 960px) 100vw, 960px\" \/><\/figure>\n","protected":false},"excerpt":{"rendered":"<p>Este 2019, la comuna de Puerto Natales cumple 108 a\u00f1os, y es por esto que el municipio de la capital de \u00daltima Esperanza, realiz\u00f3 el lanzamiento de sus actividades conmemorativas&#8230; <a class=\"read-more\" href=\"https:\/\/www.radiopresidenteibanez.cl\/web\/alcalde-concejo-municipal-y-reina-de-puerto-natales-hicieron-el-lanzamiento-de-las-actividades-para-su-aniversario-108-en-punta-arenas\/\">Leer m\u00e1s<\/a><\/p>\n","protected":false},"author":2,"featured_media":3774,"comment_status":"closed","ping_status":"closed","sticky":false,"template":"","format":"standard","meta":{"footnotes":""},"categories":[1],"tags":[],"class_list":["post-3773","post","type-post","status-publish","format-standard","has-post-thumbnail","hentry","category-cronica"],"_links":{"self":[{"href":"https:\/\/www.radiopresidenteibanez.cl\/web\/wp-json\/wp\/v2\/posts\/3773","targetHints":{"allow":["GET"]}}],"collection":[{"href":"https:\/\/www.radiopresidenteibanez.cl\/web\/wp-json\/wp\/v2\/posts"}],"about":[{"href":"https:\/\/www.radiopresidenteibanez.cl\/web\/wp-json\/wp\/v2\/types\/post"}],"author":[{"embeddable":true,"href":"https:\/\/www.radiopresidenteibanez.cl\/web\/wp-json\/wp\/v2\/users\/2"}],"replies":[{"embeddable":true,"href":"https:\/\/www.radiopresidenteibanez.cl\/web\/wp-json\/wp\/v2\/comments?post=3773"}],"version-history":[{"count":0,"href":"https:\/\/www.radiopresidenteibanez.cl\/web\/wp-json\/wp\/v2\/posts\/3773\/revisions"}],"wp:featuredmedia":[{"embeddable":true,"href":"https:\/\/www.radiopresidenteibanez.cl\/web\/wp-json\/wp\/v2\/media\/3774"}],"wp:attachment":[{"href":"https:\/\/www.radiopresidenteibanez.cl\/web\/wp-json\/wp\/v2\/media?parent=3773"}],"wp:term":[{"taxonomy":"category","embeddable":true,"href":"https:\/\/www.radiopresidenteibanez.cl\/web\/wp-json\/wp\/v2\/categories?post=3773"},{"taxonomy":"post_tag","embeddable":true,"href":"https:\/\/www.radiopresidenteibanez.cl\/web\/wp-json\/wp\/v2\/tags?post=3773"}],"curies":[{"name":"wp","href":"https:\/\/api.w.org\/{rel}","templated":true}]}}