{"id":37722,"date":"2023-02-27T14:17:00","date_gmt":"2023-02-27T17:17:00","guid":{"rendered":"https:\/\/www.radiopresidenteibanez.cl\/web\/?p=37722"},"modified":"2023-02-27T10:31:53","modified_gmt":"2023-02-27T13:31:53","slug":"autoridades-del-trabajo-y-educacion-se-reunen-para-analizar-situacion-laboral-de-la-cormupa","status":"publish","type":"post","link":"https:\/\/www.radiopresidenteibanez.cl\/web\/autoridades-del-trabajo-y-educacion-se-reunen-para-analizar-situacion-laboral-de-la-cormupa\/","title":{"rendered":"AUTORIDADES DEL TRABAJO Y EDUCACI\u00d3N SE RE\u00daNEN PARA ANALIZAR SITUACION LABORAL DE LA CORMUPA"},"content":{"rendered":"\n<p>En las oficinas de la Secretar\u00eda Regional Ministerial del Trabajo y Previsi\u00f3n Social, participaron de una reuni\u00f3n el pasado viernes, la seremi del ramo, Doris Sandoval Miranda, junto al seremi de Educaci\u00f3n, Valent\u00edn Aguilera G\u00f3mez, y el director del Trabajo, Carlo Gorziglia Sain, para evaluar las condiciones laborales que viven los trabajadores de la educaci\u00f3n de la Corporaci\u00f3n Municipal de Punta Arenas, que han originado 97 actuaciones de la DT en el contexto de sus competencias en la materia, de las cuales un 68% generaron sanci\u00f3n de multa.<\/p>\n\n\n\n<p>Al respecto, la seremi del Trabajo y Previsi\u00f3n Social, Doris Sandoval Miranda, expres\u00f3 que \u201cla principal obligaci\u00f3n de un empleador, en este caso Cormupa, es pagar la remuneraci\u00f3n pactada con los trabajadores y trabajadoras. El incumplimiento de esta obligaci\u00f3n constituye una grave infracci\u00f3n a la legislaci\u00f3n laboral vigente. La evidente crisis estructural de la Cormupa, no puede utilizarse para naturalizar la vulneraci\u00f3n de derechos laborales b\u00e1sicos. En dicho contexto, resulta urgente que el empleador formule, un plan de estabilizaci\u00f3n de las condiciones laborales para el periodo 2023, como parte integrante y prioritaria de los procesos de transici\u00f3n, al que se ver\u00e1 enfrentada en el 2024\u201d.<\/p>\n\n\n\n<p>Por su parte, el seremi de Educaci\u00f3n, Valent\u00edn Aguilera G\u00f3mez, explic\u00f3 que \u201cen virtud de la delicada situaci\u00f3n financiera de la Cormupa, la municipalidad deber\u00eda tener un plan de estabilidad para enfrentar el presente a\u00f1o. Desde la Secreduc manifestamos en diversas oportunidades, durante el 2022, la necesidad de un plan municipal ante la postergaci\u00f3n del traspaso del servicio educativo al Slep, para una adecuada implementaci\u00f3n de la nueva institucionalidad. No se puede mantener en la incertidumbre a miles de familias que conf\u00edan en la educaci\u00f3n p\u00fablica ni a los trabajadores y trabajadoras que esperan estabilidad en su espacio laboral. Desde el Mineduc se han entregado y se seguir\u00e1n entregando todos los apoyos necesarios que la normativa vigente permita, pero sin lugar a dudas, se requiere de un trabajo conjunto y un importante esfuerzo del municipio para entregar estabilidad al sistema educativo\u201d.<\/p>\n","protected":false},"excerpt":{"rendered":"<p>En las oficinas de la Secretar\u00eda Regional Ministerial del Trabajo y Previsi\u00f3n Social, participaron de una reuni\u00f3n el pasado viernes, la seremi del ramo, Doris Sandoval Miranda, junto al seremi&#8230; <a class=\"read-more\" href=\"https:\/\/www.radiopresidenteibanez.cl\/web\/autoridades-del-trabajo-y-educacion-se-reunen-para-analizar-situacion-laboral-de-la-cormupa\/\">Leer m\u00e1s<\/a><\/p>\n","protected":false},"author":2,"featured_media":37723,"comment_status":"closed","ping_status":"closed","sticky":false,"template":"","format":"standard","meta":{"footnotes":""},"categories":[1],"tags":[],"class_list":["post-37722","post","type-post","status-publish","format-standard","has-post-thumbnail","hentry","category-cronica"],"_links":{"self":[{"href":"https:\/\/www.radiopresidenteibanez.cl\/web\/wp-json\/wp\/v2\/posts\/37722","targetHints":{"allow":["GET"]}}],"collection":[{"href":"https:\/\/www.radiopresidenteibanez.cl\/web\/wp-json\/wp\/v2\/posts"}],"about":[{"href":"https:\/\/www.radiopresidenteibanez.cl\/web\/wp-json\/wp\/v2\/types\/post"}],"author":[{"embeddable":true,"href":"https:\/\/www.radiopresidenteibanez.cl\/web\/wp-json\/wp\/v2\/users\/2"}],"replies":[{"embeddable":true,"href":"https:\/\/www.radiopresidenteibanez.cl\/web\/wp-json\/wp\/v2\/comments?post=37722"}],"version-history":[{"count":0,"href":"https:\/\/www.radiopresidenteibanez.cl\/web\/wp-json\/wp\/v2\/posts\/37722\/revisions"}],"wp:featuredmedia":[{"embeddable":true,"href":"https:\/\/www.radiopresidenteibanez.cl\/web\/wp-json\/wp\/v2\/media\/37723"}],"wp:attachment":[{"href":"https:\/\/www.radiopresidenteibanez.cl\/web\/wp-json\/wp\/v2\/media?parent=37722"}],"wp:term":[{"taxonomy":"category","embeddable":true,"href":"https:\/\/www.radiopresidenteibanez.cl\/web\/wp-json\/wp\/v2\/categories?post=37722"},{"taxonomy":"post_tag","embeddable":true,"href":"https:\/\/www.radiopresidenteibanez.cl\/web\/wp-json\/wp\/v2\/tags?post=37722"}],"curies":[{"name":"wp","href":"https:\/\/api.w.org\/{rel}","templated":true}]}}