{"id":37657,"date":"2023-02-23T16:55:00","date_gmt":"2023-02-23T19:55:00","guid":{"rendered":"https:\/\/www.radiopresidenteibanez.cl\/web\/?p=37657"},"modified":"2023-02-23T10:55:28","modified_gmt":"2023-02-23T13:55:28","slug":"ministerio-de-educacion-abre-segundo-periodo-de-postulacion-a-gratuidad-y-beneficios-para-la-educacion-superior-2023","status":"publish","type":"post","link":"https:\/\/www.radiopresidenteibanez.cl\/web\/ministerio-de-educacion-abre-segundo-periodo-de-postulacion-a-gratuidad-y-beneficios-para-la-educacion-superior-2023\/","title":{"rendered":"Ministerio de Educaci\u00f3n abre segundo periodo de postulaci\u00f3n a Gratuidad y Beneficios para la Educacion Superior 2023"},"content":{"rendered":"\n<p>El Ministerio de Educaci\u00f3n dio inicio al segundo proceso de postulaci\u00f3n a la Gratuidad y otros beneficios estudiantiles para la Educaci\u00f3n Superior 2023, a trav\u00e9s del Formulario \u00danico de Acreditaci\u00f3n Socioecon\u00f3mica (FUAS). Las y los interesados pueden realizar el tr\u00e1mite a trav\u00e9s de celulares, tablets o computadores en&nbsp;<a href=\"http:\/\/www.fuas.cl\/\" target=\"_blank\" rel=\"noreferrer noopener\">www.fuas.cl<\/a>&nbsp;hasta el 16 de marzo de 2023.<\/p>\n\n\n\n<p>A trav\u00e9s del FUAS, las y los estudiantes deben informar sus antecedentes familiares y socioecon\u00f3micos, de manera de que el Mineduc, a trav\u00e9s de la Subsecretar\u00eda de Educaci\u00f3n Superior, pueda validarlos y determinar el nivel de ingresos y el cumplimiento de los dem\u00e1s requisitos establecidos en la normativa para el otorgamiento de los distintos beneficios estudiantiles del Estado.<\/p>\n\n\n\n<p>En este proceso, quienes deseen ingresar en 2023 a centros de formaci\u00f3n t\u00e9cnica, institutos profesionales o universidades, o que ya est\u00e1n cursando una carrera y no cuenten con ayudas estudiantiles o requieran optar a alguna que se ajuste de mejor manera a sus necesidades, podr\u00e1n completar el formulario online y postular a Gratuidad y a otros beneficios.<\/p>\n\n\n\n<p>En 2022, m\u00e1s de 897 mil personas estudiaron con alg\u00fan beneficio estudiantil, lo que significa que dos de cada tres alumnos tuvieron alguna ayuda del Estado para cursar sus estudios. De estos, m\u00e1s de 475 mil estudiantes obtuvieron la Gratuidad.<\/p>\n\n\n\n<p>En Magallanes, el seremi de Educaci\u00f3n, Valent\u00edn Aguilera G\u00f3mez, hizo un llamado a las y los interesados a informarse sobre los distintos beneficios que est\u00e1 entregando el Estado. \u201cEn este segundo periodo de FUAS, las y los j\u00f3venes de nuestra regi\u00f3n podr\u00e1n postular a la Gratuidad, a dos tipos de cr\u00e9dito y a 18 becas disponibles. Por lo tanto, invitamos a todas y todos a postular e iniciar el proceso de cara a la Admisi\u00f3n 2023\u201d.<\/p>\n\n\n\n<p>Las becas disponibles son: Bicentenario, Nuevo Milenio, Juan G\u00f3mez Millas para chilenas\/os, Juan G\u00f3mez Millas para extranjeras\/os, Excelencia Acad\u00e9mica, Distinci\u00f3n a las Trayectorias Educativas (DTE), Excelencia T\u00e9cnica, Hijas\/os de Profesionales de la Educaci\u00f3n, Articulaci\u00f3n, Estudiantes en Situaci\u00f3n de Discapacidad, Continuidad de Estudios para Instituciones en Cierre (cuatro diferentes), Becas Vocaci\u00f3n de Profesor (tres diferentes) y la Beca de Reparaci\u00f3n. Es importante considerar que para postular a la Becas Vocaci\u00f3n de Profesor y a las Becas de Reparaci\u00f3n se debe llenar un formulario especial disponible en el mismo sitio.&nbsp;&nbsp;&nbsp;&nbsp;&nbsp;<\/p>\n\n\n\n<p>En cuanto a los cr\u00e9ditos para financiar estudios superiores, existe el Fondo Solidario de Cr\u00e9dito Universitario y el Cr\u00e9dito con Garant\u00eda Estatal. El detalle de cada una de estas ayudas se puede consultar en&nbsp;<a href=\"http:\/\/beneficiosestudiantiles.cl\/\" target=\"_blank\" rel=\"noreferrer noopener\">beneficiosestudiantiles.cl<\/a>.<\/p>\n\n\n\n<p>Adem\u00e1s, el pr\u00f3ximo 09 de marzo se conocer\u00e1n los resultados del primer periodo de postulaci\u00f3n al FUAS, que termin\u00f3 en noviembre. Cabe recordar que es importante postular en el plazo establecido e informarse a trav\u00e9s de los canales dispuestos por el Ministerio de Educaci\u00f3n y la Subsecretar\u00eda de Educaci\u00f3n Superior: sus portales, redes sociales y el call center Ayuda Mineduc 600 600 2626.<\/p>\n","protected":false},"excerpt":{"rendered":"<p>El Ministerio de Educaci\u00f3n dio inicio al segundo proceso de postulaci\u00f3n a la Gratuidad y otros beneficios estudiantiles para la Educaci\u00f3n Superior 2023, a trav\u00e9s del Formulario \u00danico de Acreditaci\u00f3n&#8230; <a class=\"read-more\" href=\"https:\/\/www.radiopresidenteibanez.cl\/web\/ministerio-de-educacion-abre-segundo-periodo-de-postulacion-a-gratuidad-y-beneficios-para-la-educacion-superior-2023\/\">Leer m\u00e1s<\/a><\/p>\n","protected":false},"author":2,"featured_media":37658,"comment_status":"closed","ping_status":"closed","sticky":false,"template":"","format":"standard","meta":{"footnotes":""},"categories":[1],"tags":[],"class_list":["post-37657","post","type-post","status-publish","format-standard","has-post-thumbnail","hentry","category-cronica"],"_links":{"self":[{"href":"https:\/\/www.radiopresidenteibanez.cl\/web\/wp-json\/wp\/v2\/posts\/37657","targetHints":{"allow":["GET"]}}],"collection":[{"href":"https:\/\/www.radiopresidenteibanez.cl\/web\/wp-json\/wp\/v2\/posts"}],"about":[{"href":"https:\/\/www.radiopresidenteibanez.cl\/web\/wp-json\/wp\/v2\/types\/post"}],"author":[{"embeddable":true,"href":"https:\/\/www.radiopresidenteibanez.cl\/web\/wp-json\/wp\/v2\/users\/2"}],"replies":[{"embeddable":true,"href":"https:\/\/www.radiopresidenteibanez.cl\/web\/wp-json\/wp\/v2\/comments?post=37657"}],"version-history":[{"count":0,"href":"https:\/\/www.radiopresidenteibanez.cl\/web\/wp-json\/wp\/v2\/posts\/37657\/revisions"}],"wp:featuredmedia":[{"embeddable":true,"href":"https:\/\/www.radiopresidenteibanez.cl\/web\/wp-json\/wp\/v2\/media\/37658"}],"wp:attachment":[{"href":"https:\/\/www.radiopresidenteibanez.cl\/web\/wp-json\/wp\/v2\/media?parent=37657"}],"wp:term":[{"taxonomy":"category","embeddable":true,"href":"https:\/\/www.radiopresidenteibanez.cl\/web\/wp-json\/wp\/v2\/categories?post=37657"},{"taxonomy":"post_tag","embeddable":true,"href":"https:\/\/www.radiopresidenteibanez.cl\/web\/wp-json\/wp\/v2\/tags?post=37657"}],"curies":[{"name":"wp","href":"https:\/\/api.w.org\/{rel}","templated":true}]}}