{"id":3764,"date":"2019-04-30T00:03:55","date_gmt":"2019-04-30T00:03:55","guid":{"rendered":"http:\/\/www.radiopresidenteibanez.cl\/web\/?p=3764"},"modified":"2019-04-30T00:04:23","modified_gmt":"2019-04-30T00:04:23","slug":"mejoramiento-urbano-limpieza-y-seguridad-fueron-los-ejes-de-la-cuenta-publica-del-alcalde-radonich","status":"publish","type":"post","link":"https:\/\/www.radiopresidenteibanez.cl\/web\/mejoramiento-urbano-limpieza-y-seguridad-fueron-los-ejes-de-la-cuenta-publica-del-alcalde-radonich\/","title":{"rendered":"MEJORAMIENTO URBANO, LIMPIEZA Y SEGURIDAD FUERON LOS EJES DE LA CUENTA P\u00daBLICA DEL ALCALDE RADONICH"},"content":{"rendered":"\n<p>Como ya es costumbre la primera autoridad de la comuna rinde Cuenta P\u00fablica a los vecinos de Punta Arenas, y este a\u00f1o no fue la excepci\u00f3n. A las 19 horas con 15 minutos, comenz\u00f3 el tercer balance realizado por Claudio Radonich Jim\u00e9nez en lo que va de su gesti\u00f3n edilicia, con un homenaje p\u00f3stumo al fallecido concejal Vicente Karelovic Vrandecic.<\/p>\n\n\n\n<p>\u201cTodos queremos una ciudad m\u00e1s bonita, pero tambi\u00e9n m\u00e1s equitativa\u201d, parti\u00f3 diciendo Radonich, en su alocuci\u00f3n precedida por un trabajo audiovisual que resum\u00eda lo concretado durante el 2018.<\/p>\n\n\n\n<p>Acto seguido, explic\u00f3 que \u201ca la fecha van 55 proyectos terminados y entregados, lo que se suma a 44 que est\u00e1n en marcha, cuya inversi\u00f3n total alcanza sobre 50 millones de d\u00f3lares en nuestra comuna\u201d.<\/p>\n\n\n\n<p>Asimismo, dentro de los 90 minutos de exposici\u00f3n, el Alcalde destac\u00f3 el trabajo que se est\u00e1 realizando para el mejoramiento urbano de la ciudad, realzando los proyectos de recambio de &nbsp;veredas en diversos sectores de Punta Arenas. \u201cSon m\u00e1s de 30 kil\u00f3metros de veredas en muchos sectores de la ciudad los cuales permitir\u00e1n mejorar el est\u00e1ndar de vida de muchos vecinos y de barrios como: Prat, Fitz Roy, Villa Las Nieves, entre otros\u201d.<\/p>\n\n\n\n<p>En lo que refiere a Limpieza, la autoridad se explay\u00f3 destacando el gran trabajo que se ha realizado con el retiro de \u201cCachureos\u201d, el cual ha beneficiado a 32 mil hogares en lo que va de campa\u00f1a, generando espacios p\u00fablicos m\u00e1s limpios, pero tambi\u00e9n m\u00e1s seguros.<\/p>\n\n\n\n<p>Tambi\u00e9n ahond\u00f3 en el tema Seguridad P\u00fablica, replicando que insistir\u00e1 en restablecer el Patrullaje Nocturno, con el fin de potenciar la presencia municipal y la colaboraci\u00f3n con las Polic\u00edas, quienes seg\u00fan dijo, \u201chan sido una gran ayuda en esta materia. Hoy mantenemos nuestra l\u00ednea gratuita de emergencias 800 800 134, pero queremos potenciarla y para eso, insistir\u00e9 con nuestro proyecto comunitario\u201d.<\/p>\n\n\n\n<p>Por otro lado, en lo que refiere a Vivienda, entreg\u00f3 datos vinculados a la reactivaci\u00f3n de la Entidad Patrocinante Municipal, la cual ha permitido que hoy 500 familias est\u00e9n con sus terrenos comprados y los proyectos listos. Adem\u00e1s, otras 500 con terrenos ubicados y listos para ser adquiridos.<\/p>\n\n\n\n<p>En ese sentido, Radonich reiter\u00f3 que \u201chace un tiempo atr\u00e1s presentamos un Mega Proyecto al Gobierno y Consejo Regional, que otorgar\u00eda mil soluciones habitacionales para Punta Arenas, el cual esperamos, tenga el apoyo de todos los sectores\u201d.<\/p>\n\n\n\n<p>Otro hito que destac\u00f3 la autoridad comunal, fue la generaci\u00f3n de la Cartelera Cultura y Deportiva del Municipio, las que han sido todo un \u00e9xito en convocatoria y participaci\u00f3n, presentando una amplia gama de espect\u00e1culos gratuitos para toda la comunidad.<\/p>\n\n\n\n<p>Finalmente, el Alcalde invit\u00f3 a todos a sumarse a la conmemoraci\u00f3n de los 500 a\u00f1os de la primera circunnavegaci\u00f3n por el Estrecho de Magallanes en el a\u00f1o 2020, ya que seg\u00fan sus palabras, \u201cdebemos prepararnos para que nuestra ciudad salga al mundo como se merece, y dejar una comuna m\u00e1s bonita, pero tambi\u00e9n mas equitativa\u201d.<\/p>\n\n\n\n<figure class=\"wp-block-image\"><img loading=\"lazy\" decoding=\"async\" width=\"1024\" height=\"683\" src=\"https:\/\/www.radiopresidenteibanez.cl\/web\/wp-content\/uploads\/2019\/04\/IMG_8371-1024x683.jpg\" alt=\"\" class=\"wp-image-3765\" srcset=\"https:\/\/www.radiopresidenteibanez.cl\/web\/wp-content\/uploads\/2019\/04\/IMG_8371-1024x683.jpg 1024w, https:\/\/www.radiopresidenteibanez.cl\/web\/wp-content\/uploads\/2019\/04\/IMG_8371-300x200.jpg 300w, https:\/\/www.radiopresidenteibanez.cl\/web\/wp-content\/uploads\/2019\/04\/IMG_8371-768x512.jpg 768w, https:\/\/www.radiopresidenteibanez.cl\/web\/wp-content\/uploads\/2019\/04\/IMG_8371.jpg 1280w\" sizes=\"auto, (max-width: 1024px) 100vw, 1024px\" \/><\/figure>\n","protected":false},"excerpt":{"rendered":"<p>Como ya es costumbre la primera autoridad de la comuna rinde Cuenta P\u00fablica a los vecinos de Punta Arenas, y este a\u00f1o no fue la excepci\u00f3n. A las 19 horas&#8230; <a class=\"read-more\" href=\"https:\/\/www.radiopresidenteibanez.cl\/web\/mejoramiento-urbano-limpieza-y-seguridad-fueron-los-ejes-de-la-cuenta-publica-del-alcalde-radonich\/\">Leer m\u00e1s<\/a><\/p>\n","protected":false},"author":2,"featured_media":3765,"comment_status":"closed","ping_status":"closed","sticky":false,"template":"","format":"standard","meta":{"footnotes":""},"categories":[1],"tags":[],"class_list":["post-3764","post","type-post","status-publish","format-standard","has-post-thumbnail","hentry","category-cronica"],"_links":{"self":[{"href":"https:\/\/www.radiopresidenteibanez.cl\/web\/wp-json\/wp\/v2\/posts\/3764","targetHints":{"allow":["GET"]}}],"collection":[{"href":"https:\/\/www.radiopresidenteibanez.cl\/web\/wp-json\/wp\/v2\/posts"}],"about":[{"href":"https:\/\/www.radiopresidenteibanez.cl\/web\/wp-json\/wp\/v2\/types\/post"}],"author":[{"embeddable":true,"href":"https:\/\/www.radiopresidenteibanez.cl\/web\/wp-json\/wp\/v2\/users\/2"}],"replies":[{"embeddable":true,"href":"https:\/\/www.radiopresidenteibanez.cl\/web\/wp-json\/wp\/v2\/comments?post=3764"}],"version-history":[{"count":0,"href":"https:\/\/www.radiopresidenteibanez.cl\/web\/wp-json\/wp\/v2\/posts\/3764\/revisions"}],"wp:featuredmedia":[{"embeddable":true,"href":"https:\/\/www.radiopresidenteibanez.cl\/web\/wp-json\/wp\/v2\/media\/3765"}],"wp:attachment":[{"href":"https:\/\/www.radiopresidenteibanez.cl\/web\/wp-json\/wp\/v2\/media?parent=3764"}],"wp:term":[{"taxonomy":"category","embeddable":true,"href":"https:\/\/www.radiopresidenteibanez.cl\/web\/wp-json\/wp\/v2\/categories?post=3764"},{"taxonomy":"post_tag","embeddable":true,"href":"https:\/\/www.radiopresidenteibanez.cl\/web\/wp-json\/wp\/v2\/tags?post=3764"}],"curies":[{"name":"wp","href":"https:\/\/api.w.org\/{rel}","templated":true}]}}