{"id":37618,"date":"2023-02-22T14:53:00","date_gmt":"2023-02-22T17:53:00","guid":{"rendered":"https:\/\/www.radiopresidenteibanez.cl\/web\/?p=37618"},"modified":"2023-02-22T10:36:00","modified_gmt":"2023-02-22T13:36:00","slug":"delegada-presidencial-regional-s-se-reune-condirigentes-de-asoducam","status":"publish","type":"post","link":"https:\/\/www.radiopresidenteibanez.cl\/web\/delegada-presidencial-regional-s-se-reune-condirigentes-de-asoducam\/","title":{"rendered":"Delegada Presidencial Regional (S) se re\u00fane con<br>dirigentes de ASODUCAM."},"content":{"rendered":"\n<p>Una reuni\u00f3n solicitada por dirigentes de la Asociaci\u00f3n de<br>Camiones de Magallanes, ASODUCAM, sostuvo la Delegada Presidencial Regional (s) Karim Fierro<br>Brstilo. La conversaci\u00f3n con Carlos Gallardo e Iv\u00e1n C\u00e1rdenas tuvo lugar en la Delegaci\u00f3n<br>Presidencial, Casa de los Intendentes y se relacion\u00f3 con dineros adeudados al gremio.<br>Al respecto, la Delegada Karim Fierro, manifest\u00f3 que \u201cHace ya desde hace una semana, que desde<br>el mundo del trabajo, particularmente desde los sindicatos, se ha levantado una alerta respecto a la<br>empresa Nova Austral, en la comuna de Porvenir, en la provincia de Tierra del Fuego. Y es por lo<br>mismo que nosotros estamos en una serie de reuniones con los sindicatos de la empresa y en el<br>marco de este mismo proceso, recibimos una solicitud de reuni\u00f3n con ASODUCAM Porvenir, en<br>relaci\u00f3n a montos que se adeudar\u00edan a los transportistas asociados y en ese marco nos reunimos<br>para poder visualizar el impacto econ\u00f3mico que estar\u00eda afectando al sector transportista\u201d.<br>Debido a esa situaci\u00f3n, la realizaci\u00f3n de esta reuni\u00f3n con los Dirigentes de ASODUCAM. \u201cSe pidi\u00f3<br>una audiencia con la Delegada, sobre el tema de nuestros asociados en Porvenir, por deuda que<br>tiene Nova Austral con nuestros transportistas\u201d, explic\u00f3 el Vicepresidente de la Asociaci\u00f3n, Iv\u00e1n<br>C\u00e1rdenas.<br>Mientras que Carlos Gallardo, presidente de la Asociaci\u00f3n, lamenta la situaci\u00f3n que est\u00e1 ocurriendo<br>y detalla que \u201cSon alrededor de ocho transportistas que le prestan servicio a Nova y se les ha puesto<br>muy complicado el escenario, la agon\u00eda de Nova, est\u00e1 llevando a la agon\u00eda del transporte. \u201cDesde<br>septiembre se adeuda alrededor de 40 millones de pesos por cada transportista. No solo a los<br>transportistas se les adeuda facturas, queremos que Nova se ponga al d\u00eda con los pagos y salga de<br>su mal momento. Se han hecho las cobranzas y Nova Austral dice que no tiene fondos para<br>cancelar\u201d, detalla Carlos Gallardo.<br>La Delegada Presidencial Regional espera que la empresa Nova Austral solicite los montos por<br>concepto de bonificaci\u00f3n por leyes de excepci\u00f3n para poder dar tranquilidad a estos empresarios<\/p>\n","protected":false},"excerpt":{"rendered":"<p>Una reuni\u00f3n solicitada por dirigentes de la Asociaci\u00f3n deCamiones de Magallanes, ASODUCAM, sostuvo la Delegada Presidencial Regional (s) Karim FierroBrstilo. La conversaci\u00f3n con Carlos Gallardo e Iv\u00e1n C\u00e1rdenas tuvo lugar&#8230; <a class=\"read-more\" href=\"https:\/\/www.radiopresidenteibanez.cl\/web\/delegada-presidencial-regional-s-se-reune-condirigentes-de-asoducam\/\">Leer m\u00e1s<\/a><\/p>\n","protected":false},"author":2,"featured_media":37620,"comment_status":"closed","ping_status":"closed","sticky":false,"template":"","format":"standard","meta":{"footnotes":""},"categories":[1],"tags":[],"class_list":["post-37618","post","type-post","status-publish","format-standard","has-post-thumbnail","hentry","category-cronica"],"_links":{"self":[{"href":"https:\/\/www.radiopresidenteibanez.cl\/web\/wp-json\/wp\/v2\/posts\/37618","targetHints":{"allow":["GET"]}}],"collection":[{"href":"https:\/\/www.radiopresidenteibanez.cl\/web\/wp-json\/wp\/v2\/posts"}],"about":[{"href":"https:\/\/www.radiopresidenteibanez.cl\/web\/wp-json\/wp\/v2\/types\/post"}],"author":[{"embeddable":true,"href":"https:\/\/www.radiopresidenteibanez.cl\/web\/wp-json\/wp\/v2\/users\/2"}],"replies":[{"embeddable":true,"href":"https:\/\/www.radiopresidenteibanez.cl\/web\/wp-json\/wp\/v2\/comments?post=37618"}],"version-history":[{"count":0,"href":"https:\/\/www.radiopresidenteibanez.cl\/web\/wp-json\/wp\/v2\/posts\/37618\/revisions"}],"wp:featuredmedia":[{"embeddable":true,"href":"https:\/\/www.radiopresidenteibanez.cl\/web\/wp-json\/wp\/v2\/media\/37620"}],"wp:attachment":[{"href":"https:\/\/www.radiopresidenteibanez.cl\/web\/wp-json\/wp\/v2\/media?parent=37618"}],"wp:term":[{"taxonomy":"category","embeddable":true,"href":"https:\/\/www.radiopresidenteibanez.cl\/web\/wp-json\/wp\/v2\/categories?post=37618"},{"taxonomy":"post_tag","embeddable":true,"href":"https:\/\/www.radiopresidenteibanez.cl\/web\/wp-json\/wp\/v2\/tags?post=37618"}],"curies":[{"name":"wp","href":"https:\/\/api.w.org\/{rel}","templated":true}]}}