{"id":37603,"date":"2023-02-21T17:45:00","date_gmt":"2023-02-21T20:45:00","guid":{"rendered":"https:\/\/www.radiopresidenteibanez.cl\/web\/?p=37603"},"modified":"2023-02-21T16:50:43","modified_gmt":"2023-02-21T19:50:43","slug":"grupo-de-mujeres-se-capacito-en-conduccion-y-mantenimiento-de-vehiculos-clase-b","status":"publish","type":"post","link":"https:\/\/www.radiopresidenteibanez.cl\/web\/grupo-de-mujeres-se-capacito-en-conduccion-y-mantenimiento-de-vehiculos-clase-b\/","title":{"rendered":"Grupo de mujeres se capacit\u00f3 en conducci\u00f3n y mantenimiento de veh\u00edculos clase B"},"content":{"rendered":"\n<p>Se trata del Programa de Desarrollo de Competencias Laborales (DCL), ejecutado a<br>trav\u00e9s de un convenio de transferencia de recursos, entre el Ministerio de Desarrollo<br>Social y Familia y PRODEMU, beneficiando de manera exclusiva a participantes de<br>familias del Subsistema Seguridades y Oportunidades.<br>En esta oportunidad el curso impartido se denomin\u00f3 Conducci\u00f3n y Mantenimiento B\u00e1sico<br>Preventivo de Veh\u00edculos Clase B, ejecutado por Avansur, el cual tuvo una cobertura inicial<br>para 20 mujeres de la comuna de Punta Arenas. El desarrollo del curso incluy\u00f3 pago de<br>movilizaci\u00f3n, colaci\u00f3n y cuidado infantil para las sesiones presenciales no pr\u00e1cticas.<br>El Seremi de Desarrollo Social y Familia, Danilo Mimica Mansilla destac\u00f3 el objetivo de<br>este programa. \u201cEstamos muy contentos con el desarrollo de este curso porque responde<br>al encargo que nuestro Presidente Gabriel Boric Font nos ha hecho en el sentido de<br>trabajar para que nadie se quede atr\u00e1s y todos se sientan incluidos en nuestra sociedad.<br>Este programa tuvo su foco en las mujeres desempleadas o en busca de oportunidades<br>laborales, mayores de 18 a\u00f1os y lo que se busc\u00f3 a trav\u00e9s de su metodolog\u00eda fue<br>entregarles herramientas t\u00e9cnicas suficientes que les permita conseguir un trabajo, ya sea<br>dependiente o independiente, d\u00e1ndoles la oportunidad de poder incrementar su ingreso<br>familiar\u201d, se\u00f1al\u00f3 el Seremi.<br>Por su parte, la directora regional de PRODEMU, Ingrid \u00c1lvarez Jim\u00e9nez, destac\u00f3 la<br>oportunidad de capacitar a mujeres desocupadas para que consoliden su autonom\u00eda<br>econ\u00f3mica por medio del desarrollo y fortalecimiento de habilitaci\u00f3n laboral, alfabetizaci\u00f3n<br>digital, el aprendizaje un oficio culturalmente restringido para las mujeres como lo es la<br>conducci\u00f3n de veh\u00edculos, una etapa de intermediaci\u00f3n y la entrega de un malet\u00edn de<br>herramientas con miras al trabajo independiente.<br>Respecto a su experiencia en el taller, conversamos con Fabiola Delgado Aburto,<br>participante del taller, quien agradeci\u00f3 la capacitaci\u00f3n entregada pues la recibe \u201ccon<br>ganas de surgir en la vida, con ganas de darlo todo, con el \u00fanico objetivo de tener una<br>vida mejor, para sentirnos m\u00e1s empoderadas, realizadas, siendo perseverantes, a pesar<br>de llevar cargas emocionales y mentales. Este proyecto nos ayud\u00f3 a sacar la fuerza que<br>se necesita para creer en nosotras mismas y que todo lo podemos lograr\u201d, se\u00f1al\u00f3.<br>El programa de Desarrollo de Competencias Laborales se caracteriza por tener un<br>componente de habilitaci\u00f3n laboral, que facilita la incorporaci\u00f3n al mundo del trabajo en<br>condiciones de igualdad de g\u00e9nero. Un segundo componente de alfabetizaci\u00f3n digital y<br>capacitaci\u00f3n t\u00e9cnica, que busca que las participantes adquieran conocimientos t\u00e9cnicos y<br>tecnol\u00f3gicos, para iniciar un oficio y, finalmente, un componente de intermediaci\u00f3n laboral,<br>para que las participantes conozcan las fuentes disponibles de empleo y de acceso a<br>redes de emprendimientos en el territorio.<br>Es importante mencionar que el inicio de los talleres fue el 26 de octubre de 2022, con 9<br>talleres de habilitaci\u00f3n. El d\u00eda 14 de noviembre se iniciaron los talleres de alfabetizaci\u00f3n<br>digital. Posteriormente, las beneficiarias participaron en las clases de conducci\u00f3n, con la<br>correspondiente entrega de las licencias de conducir, rindiendo el examen te\u00f3rico el 18 de<br>febrero del presente mes. El proceso concluy\u00f3 este viernes 17 de febrero con la<br>certificaci\u00f3n de las alumnas.<\/p>\n","protected":false},"excerpt":{"rendered":"<p>Se trata del Programa de Desarrollo de Competencias Laborales (DCL), ejecutado atrav\u00e9s de un convenio de transferencia de recursos, entre el Ministerio de DesarrolloSocial y Familia y PRODEMU, beneficiando de&#8230; <a class=\"read-more\" href=\"https:\/\/www.radiopresidenteibanez.cl\/web\/grupo-de-mujeres-se-capacito-en-conduccion-y-mantenimiento-de-vehiculos-clase-b\/\">Leer m\u00e1s<\/a><\/p>\n","protected":false},"author":2,"featured_media":37604,"comment_status":"closed","ping_status":"closed","sticky":false,"template":"","format":"standard","meta":{"footnotes":""},"categories":[1],"tags":[],"class_list":["post-37603","post","type-post","status-publish","format-standard","has-post-thumbnail","hentry","category-cronica"],"_links":{"self":[{"href":"https:\/\/www.radiopresidenteibanez.cl\/web\/wp-json\/wp\/v2\/posts\/37603","targetHints":{"allow":["GET"]}}],"collection":[{"href":"https:\/\/www.radiopresidenteibanez.cl\/web\/wp-json\/wp\/v2\/posts"}],"about":[{"href":"https:\/\/www.radiopresidenteibanez.cl\/web\/wp-json\/wp\/v2\/types\/post"}],"author":[{"embeddable":true,"href":"https:\/\/www.radiopresidenteibanez.cl\/web\/wp-json\/wp\/v2\/users\/2"}],"replies":[{"embeddable":true,"href":"https:\/\/www.radiopresidenteibanez.cl\/web\/wp-json\/wp\/v2\/comments?post=37603"}],"version-history":[{"count":0,"href":"https:\/\/www.radiopresidenteibanez.cl\/web\/wp-json\/wp\/v2\/posts\/37603\/revisions"}],"wp:featuredmedia":[{"embeddable":true,"href":"https:\/\/www.radiopresidenteibanez.cl\/web\/wp-json\/wp\/v2\/media\/37604"}],"wp:attachment":[{"href":"https:\/\/www.radiopresidenteibanez.cl\/web\/wp-json\/wp\/v2\/media?parent=37603"}],"wp:term":[{"taxonomy":"category","embeddable":true,"href":"https:\/\/www.radiopresidenteibanez.cl\/web\/wp-json\/wp\/v2\/categories?post=37603"},{"taxonomy":"post_tag","embeddable":true,"href":"https:\/\/www.radiopresidenteibanez.cl\/web\/wp-json\/wp\/v2\/tags?post=37603"}],"curies":[{"name":"wp","href":"https:\/\/api.w.org\/{rel}","templated":true}]}}