{"id":3760,"date":"2019-04-29T13:30:36","date_gmt":"2019-04-29T13:30:36","guid":{"rendered":"http:\/\/www.radiopresidenteibanez.cl\/web\/?p=3760"},"modified":"2019-04-29T13:30:44","modified_gmt":"2019-04-29T13:30:44","slug":"ultima-feria-saludable-de-la-temporada-convoco-a-un-millar-de-personas","status":"publish","type":"post","link":"https:\/\/www.radiopresidenteibanez.cl\/web\/ultima-feria-saludable-de-la-temporada-convoco-a-un-millar-de-personas\/","title":{"rendered":"\u00daLTIMA FERIA SALUDABLE DE LA TEMPORADA CONVOC\u00d3 A UN MILLAR DE PERSONAS"},"content":{"rendered":"\n<p>Otra jornada con gran presencia de p\u00fablico vivi\u00f3 la nueva versi\u00f3n Feria de Frutas,&nbsp; Verduras y Plantas locales, actividad que por segundo a\u00f1o consecutivo organiza por el municipio de Punta Arenas.<\/p>\n\n\n\n<p>Cerca de 30 productores se instalaron en el gimnasio de escuela Rep\u00fablica de Argentina donde expusieron lo mejor de su producci\u00f3n destacando una gran variedad de papas nativas, lechugas regionales y el kale.<\/p>\n\n\n\n<p>El evento tambi\u00e9n cont\u00f3 con la presencia del especialista en cocina Andr\u00e9s Bravo quien, cerca del medio d\u00eda, efectu\u00f3 un taller de comida saludable. Mientras que funcionarios del \u00e1rea salud dependiente de la Corporaci\u00f3n Municipal, aplicaron ex\u00e1menes de preventivos a los asistentes.<\/p>\n\n\n\n<p>El alcalde Claudio Radonich se mostr\u00f3 satisfecho con el resultado de la segunda temporada de las Ferias Saludables que convoc\u00f3 a 17 mil vecinos. \u201cComo municipio buscamos entregar una instancia a los productores locales de vender en forma directa, sin intermediarios y, por otra parte, acercamos a los vecinos alimento m\u00e1s saludables y los incentivamos a que lleven una dieta m\u00e1s saludable\u201d.<\/p>\n\n\n\n<figure class=\"wp-block-image\"><img loading=\"lazy\" decoding=\"async\" width=\"900\" height=\"574\" src=\"https:\/\/www.radiopresidenteibanez.cl\/web\/wp-content\/uploads\/2019\/04\/IMG_1023.jpg\" alt=\"\" class=\"wp-image-3761\" srcset=\"https:\/\/www.radiopresidenteibanez.cl\/web\/wp-content\/uploads\/2019\/04\/IMG_1023.jpg 900w, https:\/\/www.radiopresidenteibanez.cl\/web\/wp-content\/uploads\/2019\/04\/IMG_1023-300x191.jpg 300w, https:\/\/www.radiopresidenteibanez.cl\/web\/wp-content\/uploads\/2019\/04\/IMG_1023-768x490.jpg 768w\" sizes=\"auto, (max-width: 900px) 100vw, 900px\" \/><\/figure>\n\n\n\n<p>El edil puntualiz\u00f3 que las Ferias Saludables se reanudar\u00e1n en octubre, manteniendo a la escuela Argentina, Portugal y el Insuco, como principales lugares de venta, esperando ampliar la cantidad de productores locales participantes en la temporada 2019-2020.<\/p>\n\n\n\n<p>Otro hecho a destacar fue las cientos de bolsas reutilizables entregadas a los asistentes, gracias al convenio firmado entre BancoEstado y el municipio local con el fin de incentivar el reciclaje y el cuidado del medioambiente.<br><\/p>\n","protected":false},"excerpt":{"rendered":"<p>Otra jornada con gran presencia de p\u00fablico vivi\u00f3 la nueva versi\u00f3n Feria de Frutas,&nbsp; Verduras y Plantas locales, actividad que por segundo a\u00f1o consecutivo organiza por el municipio de Punta&#8230; <a class=\"read-more\" href=\"https:\/\/www.radiopresidenteibanez.cl\/web\/ultima-feria-saludable-de-la-temporada-convoco-a-un-millar-de-personas\/\">Leer m\u00e1s<\/a><\/p>\n","protected":false},"author":2,"featured_media":3761,"comment_status":"closed","ping_status":"closed","sticky":false,"template":"","format":"standard","meta":{"footnotes":""},"categories":[1],"tags":[],"class_list":["post-3760","post","type-post","status-publish","format-standard","has-post-thumbnail","hentry","category-cronica"],"_links":{"self":[{"href":"https:\/\/www.radiopresidenteibanez.cl\/web\/wp-json\/wp\/v2\/posts\/3760","targetHints":{"allow":["GET"]}}],"collection":[{"href":"https:\/\/www.radiopresidenteibanez.cl\/web\/wp-json\/wp\/v2\/posts"}],"about":[{"href":"https:\/\/www.radiopresidenteibanez.cl\/web\/wp-json\/wp\/v2\/types\/post"}],"author":[{"embeddable":true,"href":"https:\/\/www.radiopresidenteibanez.cl\/web\/wp-json\/wp\/v2\/users\/2"}],"replies":[{"embeddable":true,"href":"https:\/\/www.radiopresidenteibanez.cl\/web\/wp-json\/wp\/v2\/comments?post=3760"}],"version-history":[{"count":0,"href":"https:\/\/www.radiopresidenteibanez.cl\/web\/wp-json\/wp\/v2\/posts\/3760\/revisions"}],"wp:featuredmedia":[{"embeddable":true,"href":"https:\/\/www.radiopresidenteibanez.cl\/web\/wp-json\/wp\/v2\/media\/3761"}],"wp:attachment":[{"href":"https:\/\/www.radiopresidenteibanez.cl\/web\/wp-json\/wp\/v2\/media?parent=3760"}],"wp:term":[{"taxonomy":"category","embeddable":true,"href":"https:\/\/www.radiopresidenteibanez.cl\/web\/wp-json\/wp\/v2\/categories?post=3760"},{"taxonomy":"post_tag","embeddable":true,"href":"https:\/\/www.radiopresidenteibanez.cl\/web\/wp-json\/wp\/v2\/tags?post=3760"}],"curies":[{"name":"wp","href":"https:\/\/api.w.org\/{rel}","templated":true}]}}