{"id":37598,"date":"2023-02-21T10:35:00","date_gmt":"2023-02-21T13:35:00","guid":{"rendered":"https:\/\/www.radiopresidenteibanez.cl\/web\/?p=37598"},"modified":"2023-02-21T16:40:26","modified_gmt":"2023-02-21T19:40:26","slug":"para-que-seguir-rodando-como-la-piedra-al-vacio-yo-aprendi-que-caminando-puedo-conquistar-lo-mio-canta-isabel-parra-%c2%b7","status":"publish","type":"post","link":"https:\/\/www.radiopresidenteibanez.cl\/web\/para-que-seguir-rodando-como-la-piedra-al-vacio-yo-aprendi-que-caminando-puedo-conquistar-lo-mio-canta-isabel-parra-%c2%b7\/","title":{"rendered":"\u00abPara que seguir rodando como la piedra al vac\u00edo yo aprend\u00ed que caminando puedo conquistar lo mio ..\u00bb canta Isabel Parra \u00b7"},"content":{"rendered":"\n<p>Muy pocos levantan la voz para graficar el poco aporte del sindicalismo organizado en estos tiempos turbulentos. Pr\u00e1cticamente a la saga de los hechos, figurando solo para destacar acuerdos con el gobierno inferiores a lo que se viene reivindicando o bien suscribiendo acuerdos con la patronal, las 4 centrales existentes legalmente figuran en cuanta actividad tripartita se muestra, pero su aporte respecto de demandas y exigencias de los trabajadores es pr\u00e1cticamente nulo.<br>La raz\u00f3n es muy clara , no representan a los trabajadores pues estos, en un alto porcentaje, no est\u00e1n organizados y, lo que es m\u00e1s grave, parecen estar totalmente al margen de las reales necesidades de los abusados.<br>Lo que est\u00e1 claro, es que una estad\u00edstica indica que a 2021 las 4 centrales agrupan a 3.216 organizaciones sindicales de base activas y que m\u00e1s del 80% de estas reconoce filas en la Central Unitaria, no \u00danica para aclarar la pel\u00edcula de algunos que sin verg\u00fcenza ni pudor celebraron los 70 a\u00f1os de la CUT de 1953.<\/p>\n\n\n\n<p>2.- No obstante hay un antecedente no menor que debe ser conocido por los trabajadores. No son p\u00fablicos el n\u00famero de afiliados de cada una de estas Centrales y todo lo que tenemos para intentar un c\u00e1lculo del nivel de organizaci\u00f3n sindical es que a 2021 se registran 11.870 sindicatos activos que representan a un total de 1.201.440 hombres y mujeres organizados. Los mismos datos nos dicen que a esta fecha la fuerza de trabajo ocupada es de 8.678.288 (trabajadores ocupados adem\u00e1s de desocupados buscando empleo) y que la fuerza de trabajo ocupada con potencial de sindicalizaci\u00f3n es de 7.213.144 lo que nos deja como dato final que la tasa de sindicalizaci\u00f3n supera apenas el 16%.<br>En palabras simples un 84% de los trabajadores ocupados no est\u00e1 sindicalizado.<br>Queda claro con estos datos el porqu\u00e9 del actuar vacilante de las centrales sindicales. No tienen mucho que hacer pues no conocen el sentir de los asalariados, no saben llegar a ellos y menos van a defender sus demandas irrenunciables.<br>Vamos a seguir esperando que otros hagan lo que hay que hacer ?<\/p>\n","protected":false},"excerpt":{"rendered":"<p>Muy pocos levantan la voz para graficar el poco aporte del sindicalismo organizado en estos tiempos turbulentos. Pr\u00e1cticamente a la saga de los hechos, figurando solo para destacar acuerdos con&#8230; <a class=\"read-more\" href=\"https:\/\/www.radiopresidenteibanez.cl\/web\/para-que-seguir-rodando-como-la-piedra-al-vacio-yo-aprendi-que-caminando-puedo-conquistar-lo-mio-canta-isabel-parra-%c2%b7\/\">Leer m\u00e1s<\/a><\/p>\n","protected":false},"author":2,"featured_media":37579,"comment_status":"closed","ping_status":"closed","sticky":false,"template":"","format":"standard","meta":{"footnotes":""},"categories":[1],"tags":[],"class_list":["post-37598","post","type-post","status-publish","format-standard","has-post-thumbnail","hentry","category-cronica"],"_links":{"self":[{"href":"https:\/\/www.radiopresidenteibanez.cl\/web\/wp-json\/wp\/v2\/posts\/37598","targetHints":{"allow":["GET"]}}],"collection":[{"href":"https:\/\/www.radiopresidenteibanez.cl\/web\/wp-json\/wp\/v2\/posts"}],"about":[{"href":"https:\/\/www.radiopresidenteibanez.cl\/web\/wp-json\/wp\/v2\/types\/post"}],"author":[{"embeddable":true,"href":"https:\/\/www.radiopresidenteibanez.cl\/web\/wp-json\/wp\/v2\/users\/2"}],"replies":[{"embeddable":true,"href":"https:\/\/www.radiopresidenteibanez.cl\/web\/wp-json\/wp\/v2\/comments?post=37598"}],"version-history":[{"count":0,"href":"https:\/\/www.radiopresidenteibanez.cl\/web\/wp-json\/wp\/v2\/posts\/37598\/revisions"}],"wp:featuredmedia":[{"embeddable":true,"href":"https:\/\/www.radiopresidenteibanez.cl\/web\/wp-json\/wp\/v2\/media\/37579"}],"wp:attachment":[{"href":"https:\/\/www.radiopresidenteibanez.cl\/web\/wp-json\/wp\/v2\/media?parent=37598"}],"wp:term":[{"taxonomy":"category","embeddable":true,"href":"https:\/\/www.radiopresidenteibanez.cl\/web\/wp-json\/wp\/v2\/categories?post=37598"},{"taxonomy":"post_tag","embeddable":true,"href":"https:\/\/www.radiopresidenteibanez.cl\/web\/wp-json\/wp\/v2\/tags?post=37598"}],"curies":[{"name":"wp","href":"https:\/\/api.w.org\/{rel}","templated":true}]}}