{"id":37581,"date":"2023-02-20T12:40:00","date_gmt":"2023-02-20T15:40:00","guid":{"rendered":"https:\/\/www.radiopresidenteibanez.cl\/web\/?p=37581"},"modified":"2023-02-20T10:15:16","modified_gmt":"2023-02-20T13:15:16","slug":"sociedad-civil-por-la-accion-climatica-de-magallanes-presenta-propuestas-ciudadanas-para-enfrentar-la-crisis","status":"publish","type":"post","link":"https:\/\/www.radiopresidenteibanez.cl\/web\/sociedad-civil-por-la-accion-climatica-de-magallanes-presenta-propuestas-ciudadanas-para-enfrentar-la-crisis\/","title":{"rendered":"Sociedad Civil por la Acci\u00f3n Clim\u00e1tica de Magallanes presenta propuestas ciudadanas para enfrentar la crisis"},"content":{"rendered":"\n<p>El cambio clim\u00e1tico es uno de los grandes desaf\u00edos de esta \u00e9poca. Las proyecciones muestran que Am\u00e9rica del Sur es una regi\u00f3n muy vulnerable, que se ve fuertemente afectada por el cambio clim\u00e1tico, situaci\u00f3n que se amplifica por la desigualdad, la pobreza, el crecimiento demogr\u00e1fico, el cambio de uso de la tierra y la alta dependencia de las econom\u00edas nacionales y locales de los recursos naturales. Uno de los efectos previstos en esta zona es la disminuci\u00f3n del suministro del agua, lo que afectar\u00e1 la producci\u00f3n agr\u00edcola, la pesca tradicional, la seguridad alimentaria y la salud humana. En Chile ya estamos viviendo estos impactos: los grandes incendios actuales, as\u00ed como el reciente decreto de emergencia agr\u00edcola por d\u00e9ficit h\u00eddrico establecido en Magallanes son muestra de ello.<\/p>\n\n\n\n<p>Para enfrentar este desaf\u00edo, se han establecido distintos espacios institucionales que establecer\u00e1n las metas y acciones a seguir.&nbsp; Por ejemplo, en Magallanes est\u00e1 el Comit\u00e9 Regional de Cambio Clim\u00e1tico, dependiente del Ministerio del Medio Ambiente; el Gobierno Regional decret\u00f3 \u201cSituaci\u00f3n de Emergencia Clim\u00e1tica y Medioambiental\u201d y la regi\u00f3n comenz\u00f3 el proceso para elaborar el Plan de Acci\u00f3n Regional de Cambio Clim\u00e1tico.<\/p>\n\n\n\n<p>\u201cIncorporar a la sociedad civil en la toma de decisiones ambientales contribuye a robustecer las pol\u00edticas, planes y programas definidos, pues enriquece la informaci\u00f3n con perspectivas que provienen desde el habitar del territorio. Nuestro pa\u00eds as\u00ed lo ha reconocido al hacerse parte del Acuerdo de Escaz\u00fa. Por ello, como SCAC Magallanes realizamos el proyecto \u2018<em>Di\u00e1logos de la ciudadan\u00eda: Propuestas para enfrentar la Crisis Clim\u00e1tica desde Magallanes\u2019,&nbsp;<\/em>que esperamos contribuya a construir una visi\u00f3n de futuro de la regi\u00f3n respecto del cambio clim\u00e1tico con el conocimiento, la experiencia y las necesidades de sus habitantes\u201d, indic\u00f3 Gabriela Simonetti-Grez, directora de la iniciativa.<\/p>\n\n\n\n<p>El proyecto consisti\u00f3 en la realizaci\u00f3n de espacios de di\u00e1logos en Punta Arenas, Puerto Williams, Puerto Natales y Porvenir y un espacio virtual, donde m\u00e1s de 100 personas conversaron sobre causas, efectos, metas y medidas que debiese adoptar la regi\u00f3n para enfrentar la crisis clim\u00e1tica. Las y los participantes consideraron que las \u00e1reas que m\u00e1s contribuyen al cambio clim\u00e1tico en Magallanes son las actividades productivas, la generaci\u00f3n de energ\u00eda y el desarrollo de las ciudades. Asimismo, identificaron la biodiversidad y otros bienes comunes como los m\u00e1s afectados por este fen\u00f3meno.<\/p>\n\n\n\n<p>Tam\u00e1ra Ar\u00e1nguiz, participante del taller realizado en Puerto Natales, indic\u00f3 que \u201cfue una gran experiencia ya que nos asegura una participaci\u00f3n activa desde las organizaciones y la sociedad civil en vincularnos en estas propuestas y problem\u00e1ticas, y a su vez analizar las medidas para ver c\u00f3mo podemos llegar a cumplir nuestras metas para mejorar lo que es la&nbsp; crisis del cambio clim\u00e1tico. Encuentro que fue una gran oportunidad, ya que rescatar estas problem\u00e1ticas con actores relevantes del territorio permite visualizar una realidad, porque somos nosotros y nosotras quienes vivimos a diario con estos conflictos y por lo mismo, quienes podemos evidenciar algunas posibles soluciones\u201d.<\/p>\n\n\n\n<p>Respecto a los resultados obtenidos, si bien hay diferencias entre las percepciones y propuestas a nivel local, todas las provincias coincidieron en que las metas a priorizar en la regi\u00f3n debieran ser el cambio de la matriz energ\u00e9tica regional incorporando energ\u00edas limpias, la planificaci\u00f3n de las ciudades, el ordenamiento territorial, y hacer cambios a la institucionalidad ambiental. Algunas medidas propuestas para alcanzar estas metas fueron estimular la producci\u00f3n local de energ\u00eda limpia, con uso distribuido de escala local; dise\u00f1ar un Plan Regulador en base a los servicios ecosist\u00e9micos; y que las entidades que realicen los Estudios de Impacto Ambiental sean independientes y no contratadas por las mismas empresas.<\/p>\n\n\n\n<p>Para Inti Gonz\u00e1lez, encargado de contenido del proyecto, \u201cesta iniciativa se destaca porque no s\u00f3lo re\u00fane percepciones sobre el diagn\u00f3stico, sino que tambi\u00e9n una serie de metas consensuadas por las y los participantes con medidas concretas a implementar, que pueden ser abordadas desde distintas escalas de gesti\u00f3n territorial. Hay metas y medidas que apuntan a cambios legislativos y otras que son materia de gesti\u00f3n de los gobiernos locales\u201d.<\/p>\n\n\n\n<p>Los resultados obtenidos en estos di\u00e1logos fueron presentados a distintas autoridades regionales -como la Seremi de Ciencia, Ver\u00f3nica Vallejos, y la Seremi de Medio Ambiente,&nbsp;Daniela Droguett- y seguir\u00e1n siendo socializados con miras a ser incorporados en procesos de tomas de decisi\u00f3n sobre esta materia. Para la Seremi Droguett, \u201ceste tipo de proyectos son de gran relevancia, ya que nacen de la sociedad civil, entonces tenemos una conexi\u00f3n directa con las comunidades a las cu\u00e1les algunas veces no llegamos como estamentos p\u00fablicos. En ese sentido, tener una visi\u00f3n de todo el territorio de la regi\u00f3n de Magallanes nos ayuda a tener un nuevo insumo para el armado del Plan de Acci\u00f3n Regional de Cambio Clim\u00e1tico, el cual se va a desarrollar durante este a\u00f1o, para tener un plan para la regi\u00f3n, y desde ah\u00ed van a nacer los planes comunales. As\u00ed que este insumos nos viene muy bien, y esperamos utilizarlo dentro de todo el proceso\u201d.<\/p>\n\n\n\n<p>As\u00ed mismo, el documento con resultados est\u00e1 disponible para toda la ciudadan\u00eda en la plataforma web de Fundaci\u00f3n Mar y Ciencia (<a href=\"https:\/\/www.maryciencia.org\/dialogos-territoriales-por-el-clima\/\" target=\"_blank\" rel=\"noreferrer noopener\">https:\/\/www.maryciencia.org\/dialogos-territoriales-por-el-clima\/<\/a>), organizaci\u00f3n asociada del proyecto, la cu\u00e1l se suma a&nbsp; una decena de organizaciones de diversa \u00edndole y con presencia en el territorio que fueron parte de la iniciativa: Alerta Isla Riesco, Asociaci\u00f3n Namati, CEIA, Centro de Formaci\u00f3n T\u00e9cnica de Tierra del Fuego, Ciudadanos y Clima, Comit\u00e9 Cultural de Puerto Williams, El Galp\u00f3n Lab &amp; CoWork, Fundaci\u00f3n Lenga, Hach Saye, Junta de Vecinos N\u00b0 1, Universidad de Magallanes y WCS.<\/p>\n","protected":false},"excerpt":{"rendered":"<p>El cambio clim\u00e1tico es uno de los grandes desaf\u00edos de esta \u00e9poca. Las proyecciones muestran que Am\u00e9rica del Sur es una regi\u00f3n muy vulnerable, que se ve fuertemente afectada por&#8230; <a class=\"read-more\" href=\"https:\/\/www.radiopresidenteibanez.cl\/web\/sociedad-civil-por-la-accion-climatica-de-magallanes-presenta-propuestas-ciudadanas-para-enfrentar-la-crisis\/\">Leer m\u00e1s<\/a><\/p>\n","protected":false},"author":2,"featured_media":37582,"comment_status":"closed","ping_status":"closed","sticky":false,"template":"","format":"standard","meta":{"footnotes":""},"categories":[1],"tags":[],"class_list":["post-37581","post","type-post","status-publish","format-standard","has-post-thumbnail","hentry","category-cronica"],"_links":{"self":[{"href":"https:\/\/www.radiopresidenteibanez.cl\/web\/wp-json\/wp\/v2\/posts\/37581","targetHints":{"allow":["GET"]}}],"collection":[{"href":"https:\/\/www.radiopresidenteibanez.cl\/web\/wp-json\/wp\/v2\/posts"}],"about":[{"href":"https:\/\/www.radiopresidenteibanez.cl\/web\/wp-json\/wp\/v2\/types\/post"}],"author":[{"embeddable":true,"href":"https:\/\/www.radiopresidenteibanez.cl\/web\/wp-json\/wp\/v2\/users\/2"}],"replies":[{"embeddable":true,"href":"https:\/\/www.radiopresidenteibanez.cl\/web\/wp-json\/wp\/v2\/comments?post=37581"}],"version-history":[{"count":0,"href":"https:\/\/www.radiopresidenteibanez.cl\/web\/wp-json\/wp\/v2\/posts\/37581\/revisions"}],"wp:featuredmedia":[{"embeddable":true,"href":"https:\/\/www.radiopresidenteibanez.cl\/web\/wp-json\/wp\/v2\/media\/37582"}],"wp:attachment":[{"href":"https:\/\/www.radiopresidenteibanez.cl\/web\/wp-json\/wp\/v2\/media?parent=37581"}],"wp:term":[{"taxonomy":"category","embeddable":true,"href":"https:\/\/www.radiopresidenteibanez.cl\/web\/wp-json\/wp\/v2\/categories?post=37581"},{"taxonomy":"post_tag","embeddable":true,"href":"https:\/\/www.radiopresidenteibanez.cl\/web\/wp-json\/wp\/v2\/tags?post=37581"}],"curies":[{"name":"wp","href":"https:\/\/api.w.org\/{rel}","templated":true}]}}