{"id":3755,"date":"2019-04-29T13:23:50","date_gmt":"2019-04-29T13:23:50","guid":{"rendered":"http:\/\/www.radiopresidenteibanez.cl\/web\/?p=3755"},"modified":"2019-04-29T13:24:28","modified_gmt":"2019-04-29T13:24:28","slug":"gobernacion-de-magallanes-organizo-sobrevuelo-cuenca-rio-las-minas","status":"publish","type":"post","link":"https:\/\/www.radiopresidenteibanez.cl\/web\/gobernacion-de-magallanes-organizo-sobrevuelo-cuenca-rio-las-minas\/","title":{"rendered":"GOBERNACI\u00d3N DE MAGALLANES ORGANIZ\u00d3 SOBREVUELO CUENCA R\u00cdO LAS MINAS"},"content":{"rendered":"\n<p>Durante\nla ma\u00f1ana de este viernes se llev\u00f3 a cabo un sobrevuelo por la cuenca del R\u00edo Las\nMinas, en el que particip\u00f3 el\ngobernador provincial Homero Villegas Nu\u00f1ez, junto a un grupo de profesionales y\nautoridades de diversos servicios p\u00fablicos, quienes evaluaron el estado de la\ncuenca.<\/p>\n\n\n\n<p>Esta\niniciativa surge de reuni\u00f3n realizada por la Mesa T\u00e9cnica \u201cCuenca r\u00edo de Las\nMinas\u201d, que pertenece al Subcomit\u00e9 de Emergencias y Desastres, de la\ngobernaci\u00f3n provincial, que dirige Oscar Strauch, quien explica que\nrecientemente se comprometi\u00f3 coordinar sobrevuelo de inspecci\u00f3n a la cuenca,\niniciando desde la desembocadura, hasta la cuenca alta del r\u00edo, agregando que\n\u201cen estos casos son importantes las evaluaciones multisectoriales de los\nriesgos asociados relacionados con la comunidad de Punta Arenas, por esa raz\u00f3n\ninvitamos a los organismos t\u00e9cnicos,&nbsp; DOH\nDGA y Sernageomin, porque cada uno eval\u00faa de acuerdo a su especialidad y de esa\nforma se cubren todas las \u00e1reas, logrando realizar una gesti\u00f3n m\u00e1s eficiente.\nEste trabajo se complementa a uno fundamental que efect\u00faa Conaf todas las\nsemanas, que es el recorrido terrestre, visitas de inspecci\u00f3n esenciales para verificar\nel estado de la cuenca y poder anticiparse a futuros escenarios de inundaciones\ny desbordes\u201d.<\/p>\n\n\n\n<p>Adem\u00e1s\nde la importante labor que realiza Conaf y los otros servicios, Sernageomin\nest\u00e1 en fase experimental de aplicaci\u00f3n de nueva tecnolog\u00eda de medici\u00f3n con el\nuso de drone, para el monitoreo en tiempo real de todo el movimiento que tiene\nla cuenca, desde el inicio hasta la desembocadura.<\/p>\n\n\n\n<p>Uno\nde los compromisos fundamentales de las gobernaciones es trabajar por la\nseguridad de todos los habitantes, en este caso de la provincia de Magallanes,\nal respecto el gobernador Homero Villegas explica que \u201cEstamos ocupados\npermanentemente de lo que pasa en la cuenca, a trav\u00e9s de monitoreo terrestre,\na\u00e9reo y del trabajo de las mesas t\u00e9cnicas, porque \u00e9sta es una amenaza\nimportante y real con la que convive la comunidad de Punta Arenas,\nespecialmente en esta \u00e9poca. Adem\u00e1s del trabajo de la mesa t\u00e9cnica, sobrevuelos,\nmonitoreos, etc., todo se complementa con los trabajos de mitigaci\u00f3n que\nrealiza el MOP, como la construcci\u00f3n de muros, cambios de radier y actualmente\nla construcci\u00f3n del puente Chilo\u00e9, es un esfuerzo mancomunado para mantener la\ntranquilidad de los magall\u00e1nicos. El gobernador destac\u00f3 el esfuerzo permanente\nde los servicios que trabajan en el tema y agradeci\u00f3 a la FACH por el\nsobrevuelo en s\u00ed\u201d<\/p>\n\n\n\n<p>Afortunadamente\ny para tranquilidad de los habitantes de Punta Arenas, durante el sobrevuelo,\nlos profesionales de los diferentes servicios observaron que el r\u00edo est\u00e1\nbastante limpio, con bajo nivel de agua. Este sobrevuelo reconoce\nel real estado de la cuenca, verifica que las acciones que se han tomado son\nlas correctas y el monitoreo constante permite visualizar las variables que\npuedan generarse por las condiciones clim\u00e1ticas y pone en alerta para seguir\nlos cursos de acci\u00f3n correspondientes para disminuir que la poblaci\u00f3n se vea\nafectada si es que ocurriera, por ejemplo, un evento de caracter\u00edsticas similares\nal acontecido en el a\u00f1o 2012, todo esto forma parte del Plan de invierno de la\ngobernaci\u00f3n.<\/p>\n\n\n\n<p>Formaron parte de esta acci\u00f3n, el gobernador provincial, Homero Villegas, el director de la DOH , Jorge Martinic, el director de la DGA, Sergio Santelices, Sernageom\u00edn y Conaf.<\/p>\n\n\n\n<figure class=\"wp-block-image\"><img loading=\"lazy\" decoding=\"async\" width=\"900\" height=\"675\" src=\"https:\/\/www.radiopresidenteibanez.cl\/web\/wp-content\/uploads\/2019\/04\/IMG_0338.jpg\" alt=\"\" class=\"wp-image-3756\" srcset=\"https:\/\/www.radiopresidenteibanez.cl\/web\/wp-content\/uploads\/2019\/04\/IMG_0338.jpg 900w, https:\/\/www.radiopresidenteibanez.cl\/web\/wp-content\/uploads\/2019\/04\/IMG_0338-300x225.jpg 300w, https:\/\/www.radiopresidenteibanez.cl\/web\/wp-content\/uploads\/2019\/04\/IMG_0338-768x576.jpg 768w\" sizes=\"auto, (max-width: 900px) 100vw, 900px\" \/><\/figure>\n","protected":false},"excerpt":{"rendered":"<p>Durante la ma\u00f1ana de este viernes se llev\u00f3 a cabo un sobrevuelo por la cuenca del R\u00edo Las Minas, en el que particip\u00f3 el gobernador provincial Homero Villegas Nu\u00f1ez, junto&#8230; <a class=\"read-more\" href=\"https:\/\/www.radiopresidenteibanez.cl\/web\/gobernacion-de-magallanes-organizo-sobrevuelo-cuenca-rio-las-minas\/\">Leer m\u00e1s<\/a><\/p>\n","protected":false},"author":2,"featured_media":3756,"comment_status":"closed","ping_status":"closed","sticky":false,"template":"","format":"standard","meta":{"footnotes":""},"categories":[1],"tags":[],"class_list":["post-3755","post","type-post","status-publish","format-standard","has-post-thumbnail","hentry","category-cronica"],"_links":{"self":[{"href":"https:\/\/www.radiopresidenteibanez.cl\/web\/wp-json\/wp\/v2\/posts\/3755","targetHints":{"allow":["GET"]}}],"collection":[{"href":"https:\/\/www.radiopresidenteibanez.cl\/web\/wp-json\/wp\/v2\/posts"}],"about":[{"href":"https:\/\/www.radiopresidenteibanez.cl\/web\/wp-json\/wp\/v2\/types\/post"}],"author":[{"embeddable":true,"href":"https:\/\/www.radiopresidenteibanez.cl\/web\/wp-json\/wp\/v2\/users\/2"}],"replies":[{"embeddable":true,"href":"https:\/\/www.radiopresidenteibanez.cl\/web\/wp-json\/wp\/v2\/comments?post=3755"}],"version-history":[{"count":0,"href":"https:\/\/www.radiopresidenteibanez.cl\/web\/wp-json\/wp\/v2\/posts\/3755\/revisions"}],"wp:featuredmedia":[{"embeddable":true,"href":"https:\/\/www.radiopresidenteibanez.cl\/web\/wp-json\/wp\/v2\/media\/3756"}],"wp:attachment":[{"href":"https:\/\/www.radiopresidenteibanez.cl\/web\/wp-json\/wp\/v2\/media?parent=3755"}],"wp:term":[{"taxonomy":"category","embeddable":true,"href":"https:\/\/www.radiopresidenteibanez.cl\/web\/wp-json\/wp\/v2\/categories?post=3755"},{"taxonomy":"post_tag","embeddable":true,"href":"https:\/\/www.radiopresidenteibanez.cl\/web\/wp-json\/wp\/v2\/tags?post=3755"}],"curies":[{"name":"wp","href":"https:\/\/api.w.org\/{rel}","templated":true}]}}