{"id":37535,"date":"2023-02-17T12:31:00","date_gmt":"2023-02-17T15:31:00","guid":{"rendered":"https:\/\/www.radiopresidenteibanez.cl\/web\/?p=37535"},"modified":"2023-02-17T14:34:27","modified_gmt":"2023-02-17T17:34:27","slug":"servel-acepta-candidatura-de-claudio-barrientos-mol-como-unico-independiente-fuera-de-pactos-de-partidos-politicos-en-magallanes","status":"publish","type":"post","link":"https:\/\/www.radiopresidenteibanez.cl\/web\/servel-acepta-candidatura-de-claudio-barrientos-mol-como-unico-independiente-fuera-de-pactos-de-partidos-politicos-en-magallanes\/","title":{"rendered":"<strong>Servel acepta candidatura de Claudio Barrientos Mol como \u00fanico independiente fuera de pactos de partidos pol\u00edticos en Magallanes<\/strong>"},"content":{"rendered":"\n<p>Durante esta ma\u00f1ana el Servicio Electoral, Servel, ha comunicado la resoluci\u00f3n que acept\u00f3 las candidaturas al Consejo Constituyente que se elegir\u00e1 el pr\u00f3ximo 7 de Mayo de 2023 en votaci\u00f3n obligatoria.<\/p>\n\n\n\n<p>En el caso de Magallanes se confirm\u00f3 la \u00fanica candidatura Independiente, fuera de los pactos y partidos pol\u00edticos, de Claudio Barrientos Mol, quien logr\u00f3 con amplio margen los patrocinios que le permitieron inscribir su candidatura el pasado 6 de febrero.<\/p>\n\n\n\n<p>Sobre el particular, el ahora ya oficialmente, candidato Independiente manifest\u00f3 su agradecimiento a todas las personas y familias que se est\u00e1n incorporando a los apoyos para lograr una fidedigna representaci\u00f3n regional y magall\u00e1nica en el Consejo Constitucional.<\/p>\n\n\n\n<p>\u201cHemos sido aceptado como candidato Independiente fuera de pactos pol\u00edticos para ser parte del proceso electoral, nuestro nombre est\u00e1 a disposici\u00f3n para que las y los magall\u00e1nicos el pr\u00f3ximo siete de mayo nuevamente demos muestras que somos capaces de lograr triunfos \u00e9picos e hist\u00f3ricos cada vez que se nos ha intentado poner m\u00e1s trabas para representar a Magallanes desde el camino independiente.\u201d<\/p>\n\n\n\n<p>Barrientos Mol, agreg\u00f3 que \u201ces mi deseo reiterar que al ser el \u00fanico candidato independiente en Magallanes (son solo 3 a nivel nacional) nos lleva a continuar con un intenso trabajo para lograr un apoyo mayoritario en un proceso que sabemos muchos est\u00e1n desafectado, sin embargo apostamos a lograr convencer a aquellos que creemos que es el tiempo para aprovechar esta nueva oportunidad de construir un texto constitucional que represente efectivamente a los ciudadanos de manera transversal y donde podamos vivir un futuro con mayores certezas\u201d<\/p>\n\n\n\n<p>Finalmente, Barrientos explic\u00f3 que se encuentra conformando los equipos de trabajo que apoyar\u00e1n su trabajo electoral, como as\u00ed tambi\u00e9n desde ya est\u00e1 muy siguiendo de muy cerca la redacci\u00f3n del Anteproyecto que deber\u00e1n presentar \u201cel comit\u00e9 de expertos\u201d que nombraron los partidos pol\u00edticos y que deber\u00e1 ser aprobado y\/o modificado por el Consejo Constitucional del que deseo ser parte.\u201d<\/p>\n","protected":false},"excerpt":{"rendered":"<p>Durante esta ma\u00f1ana el Servicio Electoral, Servel, ha comunicado la resoluci\u00f3n que acept\u00f3 las candidaturas al Consejo Constituyente que se elegir\u00e1 el pr\u00f3ximo 7 de Mayo de 2023 en votaci\u00f3n&#8230; <a class=\"read-more\" href=\"https:\/\/www.radiopresidenteibanez.cl\/web\/servel-acepta-candidatura-de-claudio-barrientos-mol-como-unico-independiente-fuera-de-pactos-de-partidos-politicos-en-magallanes\/\">Leer m\u00e1s<\/a><\/p>\n","protected":false},"author":2,"featured_media":37536,"comment_status":"closed","ping_status":"closed","sticky":false,"template":"","format":"standard","meta":{"footnotes":""},"categories":[1],"tags":[],"class_list":["post-37535","post","type-post","status-publish","format-standard","has-post-thumbnail","hentry","category-cronica"],"_links":{"self":[{"href":"https:\/\/www.radiopresidenteibanez.cl\/web\/wp-json\/wp\/v2\/posts\/37535","targetHints":{"allow":["GET"]}}],"collection":[{"href":"https:\/\/www.radiopresidenteibanez.cl\/web\/wp-json\/wp\/v2\/posts"}],"about":[{"href":"https:\/\/www.radiopresidenteibanez.cl\/web\/wp-json\/wp\/v2\/types\/post"}],"author":[{"embeddable":true,"href":"https:\/\/www.radiopresidenteibanez.cl\/web\/wp-json\/wp\/v2\/users\/2"}],"replies":[{"embeddable":true,"href":"https:\/\/www.radiopresidenteibanez.cl\/web\/wp-json\/wp\/v2\/comments?post=37535"}],"version-history":[{"count":0,"href":"https:\/\/www.radiopresidenteibanez.cl\/web\/wp-json\/wp\/v2\/posts\/37535\/revisions"}],"wp:featuredmedia":[{"embeddable":true,"href":"https:\/\/www.radiopresidenteibanez.cl\/web\/wp-json\/wp\/v2\/media\/37536"}],"wp:attachment":[{"href":"https:\/\/www.radiopresidenteibanez.cl\/web\/wp-json\/wp\/v2\/media?parent=37535"}],"wp:term":[{"taxonomy":"category","embeddable":true,"href":"https:\/\/www.radiopresidenteibanez.cl\/web\/wp-json\/wp\/v2\/categories?post=37535"},{"taxonomy":"post_tag","embeddable":true,"href":"https:\/\/www.radiopresidenteibanez.cl\/web\/wp-json\/wp\/v2\/tags?post=37535"}],"curies":[{"name":"wp","href":"https:\/\/api.w.org\/{rel}","templated":true}]}}