{"id":37529,"date":"2023-02-17T17:22:00","date_gmt":"2023-02-17T20:22:00","guid":{"rendered":"https:\/\/www.radiopresidenteibanez.cl\/web\/?p=37529"},"modified":"2023-02-17T14:26:18","modified_gmt":"2023-02-17T17:26:18","slug":"wcs-instalo-estacion-cientifica-y-de-monitoreo-en-parque-karukinka","status":"publish","type":"post","link":"https:\/\/www.radiopresidenteibanez.cl\/web\/wcs-instalo-estacion-cientifica-y-de-monitoreo-en-parque-karukinka\/","title":{"rendered":"WCS INSTAL\u00d3 ESTACI\u00d3N CIENT\u00cdFICA Y DE MONITOREO EN PARQUE KARUKINKA"},"content":{"rendered":"\n<p>WCS Chile concret\u00f3 la instalaci\u00f3n de la Estaci\u00f3n<br>Valle La Paciencia en el Parque Karukinka, una infraestructura que ser\u00e1n utilizados tanto<br>para la mitigaci\u00f3n de riesgos del parque, como para el monitoreo e investigaci\u00f3n de los<br>ecosistemas de este rinc\u00f3n de Magallanes.<br>La estructura armada en Punta Arenas y trasladada v\u00eda terrestre hasta la cabecera del<br>lago Despreciado, al sur de Tierra del Fuego, est\u00e1 compuesta por tres m\u00f3dulos<br>habitacionales. Despu\u00e9s de 10 meses de dise\u00f1o y construcci\u00f3n, recorrieron m\u00e1s de 500<br>kil\u00f3metros para ser instalados, finalmente, en uno de los lugares del parque que atrae<br>m\u00e1s visitantes e investigadores, interesados en su riqueza natural y paisajes bien<br>conservados.<br>Hasta ahora, el sector tiene continuas amenazas como el riesgo de incendios, ya que se<br>trata de un lugar transitado por personas que ingresan sin autorizaci\u00f3n, principalmente<br>para pescar, y que a su paso pueden originar fuego para calentarse o cocinar.<br>Por otro parte, la presencia de guardaparques en el \u00e1rea facilitar\u00e1 el monitoreo de la<br>recuperaci\u00f3n de los ecosistemas impactados por el castor, especie invasora que destruye<br>los ecosistemas de turberas, bosques y cursos de agua. Los da\u00f1os de esta especie en el<br>Valle La Paciencia son incalculables y han degradado gran parte del sendero que lo<br>recorre.<br>Investigaci\u00f3n y sendero para uso p\u00fablico<br>Por otra parte, los m\u00f3dulos permitir\u00e1n la presencia de investigadores por tiempos<br>prolongados para monitorear el estado&nbsp;de salud de los ecosistemas de bosque, turberas y<br>cursos de agua, todos objetos de conservaci\u00f3n de Parque Karukinka.<br>Adicionalmente a estas estructuras, se habilitar\u00e1 un circuito de 5,6 km alrededor del lago<br>Despreciado, con el objetivo de abrir nuevos espacios de uso p\u00fablico.<br>La estaci\u00f3n cient\u00edfica y de monitoreo en el Parque Karukinka se concret\u00f3 gracias a una<br>importante inversi\u00f3n, donde el 80% de los recursos proviene de WCS, mientras que el<br>20% restante corresponde a un aporte realizado por Santander Verde, gracias a la<br>recaudaci\u00f3n voluntaria de sus clientes, con intermediaci\u00f3n de PIC Parks, organizaci\u00f3n<br>que busca aportar recursos a proyectos de conservaci\u00f3n.<br>El proyecto fue dise\u00f1ado por&nbsp;Sergio Araneda de SAA Arquitectura y Territorio y<br>ejecutado&nbsp;por la constructora FGMaq.<\/p>\n","protected":false},"excerpt":{"rendered":"<p>WCS Chile concret\u00f3 la instalaci\u00f3n de la Estaci\u00f3nValle La Paciencia en el Parque Karukinka, una infraestructura que ser\u00e1n utilizados tantopara la mitigaci\u00f3n de riesgos del parque, como para el monitoreo&#8230; <a class=\"read-more\" href=\"https:\/\/www.radiopresidenteibanez.cl\/web\/wcs-instalo-estacion-cientifica-y-de-monitoreo-en-parque-karukinka\/\">Leer m\u00e1s<\/a><\/p>\n","protected":false},"author":2,"featured_media":37530,"comment_status":"closed","ping_status":"closed","sticky":false,"template":"","format":"standard","meta":{"footnotes":""},"categories":[1],"tags":[],"class_list":["post-37529","post","type-post","status-publish","format-standard","has-post-thumbnail","hentry","category-cronica"],"_links":{"self":[{"href":"https:\/\/www.radiopresidenteibanez.cl\/web\/wp-json\/wp\/v2\/posts\/37529","targetHints":{"allow":["GET"]}}],"collection":[{"href":"https:\/\/www.radiopresidenteibanez.cl\/web\/wp-json\/wp\/v2\/posts"}],"about":[{"href":"https:\/\/www.radiopresidenteibanez.cl\/web\/wp-json\/wp\/v2\/types\/post"}],"author":[{"embeddable":true,"href":"https:\/\/www.radiopresidenteibanez.cl\/web\/wp-json\/wp\/v2\/users\/2"}],"replies":[{"embeddable":true,"href":"https:\/\/www.radiopresidenteibanez.cl\/web\/wp-json\/wp\/v2\/comments?post=37529"}],"version-history":[{"count":0,"href":"https:\/\/www.radiopresidenteibanez.cl\/web\/wp-json\/wp\/v2\/posts\/37529\/revisions"}],"wp:featuredmedia":[{"embeddable":true,"href":"https:\/\/www.radiopresidenteibanez.cl\/web\/wp-json\/wp\/v2\/media\/37530"}],"wp:attachment":[{"href":"https:\/\/www.radiopresidenteibanez.cl\/web\/wp-json\/wp\/v2\/media?parent=37529"}],"wp:term":[{"taxonomy":"category","embeddable":true,"href":"https:\/\/www.radiopresidenteibanez.cl\/web\/wp-json\/wp\/v2\/categories?post=37529"},{"taxonomy":"post_tag","embeddable":true,"href":"https:\/\/www.radiopresidenteibanez.cl\/web\/wp-json\/wp\/v2\/tags?post=37529"}],"curies":[{"name":"wp","href":"https:\/\/api.w.org\/{rel}","templated":true}]}}