{"id":3752,"date":"2019-04-29T13:20:26","date_gmt":"2019-04-29T13:20:26","guid":{"rendered":"http:\/\/www.radiopresidenteibanez.cl\/web\/?p=3752"},"modified":"2019-04-29T13:20:40","modified_gmt":"2019-04-29T13:20:40","slug":"energia-magallanes-y-conadi-socializan-ante-comunidad-local-proyecto-para-energizar-puerto-eden-24-7","status":"publish","type":"post","link":"https:\/\/www.radiopresidenteibanez.cl\/web\/energia-magallanes-y-conadi-socializan-ante-comunidad-local-proyecto-para-energizar-puerto-eden-24-7\/","title":{"rendered":"ENERG\u00cdA MAGALLANES Y CONADI SOCIALIZAN ANTE COMUNIDAD LOCAL PROYECTO PARA ENERGIZAR PUERTO ED\u00c9N 24\/7"},"content":{"rendered":"\n<p>En terreno, desplegados por la alejada Puerto Ed\u00e9n, estuvo toda esta semana el Seremi de Energ\u00eda de Magallanes, Nolberto S\u00e1ez, quien junto a su equipo, profesionales de la Divisi\u00f3n de Participaci\u00f3n y Relacionamiento Comunitariodel nivel central y funcionarios de Conadi, recorrieron la zona sosteniendo reuniones con habitantes y dirigentes de la localidad para compartirles los alcances, beneficios, plazos, emplazamiento y otros detalles sobre el proyecto de reposici\u00f3n y mejoramiento de la mini central hidroel\u00e9ctrica que les llevar\u00e1 luz 27\/7.<\/p>\n\n\n\n<p>El equipo intersectorial de Energ\u00eda y Conadi durante la estad\u00eda, adem\u00e1s recogi\u00f3 valiosos datos georreferenciales, t\u00e9cnicos y topogr\u00e1ficos, entre otros, para la optimizaci\u00f3n del proyecto quesupondr\u00e1 una inversi\u00f3n de unos $3 mil millones.<\/p>\n\n\n\n<p>Los funcionarios de Gobierno llegaron a informarles de primera fuente que se trabaja aceleradamente junto a&nbsp; la Municipalidad de Natales, El Gobierno Regional, Bienes Nacionales y la Direcci\u00f3n de Aguas, &nbsp;para dotar a la localidad de un suministro el\u00e9ctrico completo, seguro y continuo.<\/p>\n\n\n\n<p>\u201cEl Gobierno del Presidente Sebasti\u00e1n Pi\u00f1era nos ha pedido que hagamos justicia con los habitantes de Puerto Ed\u00e9n. No pueden seguir teniendo, despu\u00e9s de tantos a\u00f1os, luz de manera parcial. Con este proyecto creemos que vamos a mejorar sustancialmente su calidad de vida\u201d, sostuvo el Seremi Nolberto S\u00e1ez.<\/p>\n\n\n\n<p>\u201cLas personas que viven ac\u00e1, llevan a\u00f1os en situaci\u00f3n de vulnerabilidad energ\u00e9tica. La Ruta Energ\u00e9tica, gu\u00eda de nuestra cartera, tiene por objetivo en este sentido, acortar las brechas existentes. Esto nos ha mandatado la ministra Susana Jim\u00e9nez y eso es lo que estamos haciendo con nuestros compatriotas que hacen soberan\u00eda en tan majestuoso y distante lugar. Nuestros objetivos centrales son las personas y, por cierto, que este postergado proyecto vea pronto la luz\u201d, apunt\u00f3 S\u00e1ez.&nbsp;<\/p>\n\n\n\n<p>En esta misma l\u00ednea, la directora de Conadi Magallanes, Carolina Avenda\u00f1o, valor\u00f3 el acercamiento con la comunidad local, \u201cpues como Gobierno, nos permite recoger las apreciaciones de los habitantes de Puerto Ed\u00e9n y ver de qu\u00e9 manera vamos incorpor\u00e1ndolas. Nos interesa que seamos capaces de acompa\u00f1ar todo este proceso para que pronto la electricidad llegue a cada familia que aqu\u00ed reside; queremos que este proyecto mejore r\u00e1pidamente su condiciones de vida\u201d, enfatiz\u00f3.&nbsp;<\/p>\n\n\n\n<p><strong>VECINOS OPTIMISTAS<\/strong><\/p>\n\n\n\n<p>La delegada municipal, Cecilia Z\u00fa\u00f1iga, agradeci\u00f3 la visita del Seremi Nolberto S\u00e1ez, su equipo y el personal de Conadi por hacer la presentaci\u00f3n preliminar del proyecto ante la comunidad de Ed\u00e9n, pues esta necesidad \u201ces una de las m\u00e1s fundamentales para la localidad y es bueno que la informaci\u00f3n se venga a entregar de manera presencial ante nosotros, que somos los principales beneficiados\u201d, asegur\u00f3.<\/p>\n\n\n\n<p>En tanto, Aliro Vargas, tambi\u00e9n residente y representante de la asociaci\u00f3n Mapuche-Huilliche Lafken Mawida, destacaron la visita del Ministerio de Energ\u00eda y los funcionarios de Conadi.<\/p>\n\n\n\n<p>\u201cEl anhelo del suministro el\u00e9ctrico las 24 horas del d\u00eda es muy importante para la comunidad. Para este apartado rinc\u00f3n del pa\u00eds es muy significativo el apoyo y reconocimiento que han demostrado las autoridades, que nos reunieron en asamblea y se acogieron nuestras indicaciones. Creemos que as\u00ed se construye el desarrollo; involucrando a los reales beneficiarios, con un Seremi y un equipo comprometido y en terreno, consult\u00e1ndole a las personas. No podemos dejar pasar el agradecimiento al se\u00f1or Intendente don Jos\u00e9 Fern\u00e1ndez y a la Gobernadora do\u00f1a Ana Mayorga por su permanente preocupaci\u00f3n para con nosotros\u201d, asegur\u00f3 el dirigente. &nbsp;<\/p>\n\n\n\n<p>Finalmente, el Seremi de Energ\u00eda agradeci\u00f3 profundamente la recepci\u00f3n de la comunidad, el soporte prestado por la Armada, Carabineros de Chile y los funcionarios y profesionales de Conadi Magallanes (Marcela \u00c1vila), la Seremi de Energ\u00eda local (Juan Carlos Paredes, Paola Toledo) y de la\u00a0Divisi\u00f3n de Participaci\u00f3n y Relacionamiento Comunitario\u00a0de la cartera del ramo (Pablo Goyeneche). \u00a0<\/p>\n\n\n\n<figure class=\"wp-block-image\"><img loading=\"lazy\" decoding=\"async\" width=\"1024\" height=\"578\" src=\"https:\/\/www.radiopresidenteibanez.cl\/web\/wp-content\/uploads\/2019\/04\/COMUNIDAD-PTO-ED\u00c9N-1-1024x578.jpg\" alt=\"\" class=\"wp-image-3753\" srcset=\"https:\/\/www.radiopresidenteibanez.cl\/web\/wp-content\/uploads\/2019\/04\/COMUNIDAD-PTO-ED\u00c9N-1-1024x578.jpg 1024w, https:\/\/www.radiopresidenteibanez.cl\/web\/wp-content\/uploads\/2019\/04\/COMUNIDAD-PTO-ED\u00c9N-1-300x169.jpg 300w, https:\/\/www.radiopresidenteibanez.cl\/web\/wp-content\/uploads\/2019\/04\/COMUNIDAD-PTO-ED\u00c9N-1-768x433.jpg 768w, https:\/\/www.radiopresidenteibanez.cl\/web\/wp-content\/uploads\/2019\/04\/COMUNIDAD-PTO-ED\u00c9N-1.jpg 1280w\" sizes=\"auto, (max-width: 1024px) 100vw, 1024px\" \/><\/figure>\n","protected":false},"excerpt":{"rendered":"<p>En terreno, desplegados por la alejada Puerto Ed\u00e9n, estuvo toda esta semana el Seremi de Energ\u00eda de Magallanes, Nolberto S\u00e1ez, quien junto a su equipo, profesionales de la Divisi\u00f3n de&#8230; <a class=\"read-more\" href=\"https:\/\/www.radiopresidenteibanez.cl\/web\/energia-magallanes-y-conadi-socializan-ante-comunidad-local-proyecto-para-energizar-puerto-eden-24-7\/\">Leer m\u00e1s<\/a><\/p>\n","protected":false},"author":2,"featured_media":3753,"comment_status":"closed","ping_status":"closed","sticky":false,"template":"","format":"standard","meta":{"footnotes":""},"categories":[1],"tags":[],"class_list":["post-3752","post","type-post","status-publish","format-standard","has-post-thumbnail","hentry","category-cronica"],"_links":{"self":[{"href":"https:\/\/www.radiopresidenteibanez.cl\/web\/wp-json\/wp\/v2\/posts\/3752","targetHints":{"allow":["GET"]}}],"collection":[{"href":"https:\/\/www.radiopresidenteibanez.cl\/web\/wp-json\/wp\/v2\/posts"}],"about":[{"href":"https:\/\/www.radiopresidenteibanez.cl\/web\/wp-json\/wp\/v2\/types\/post"}],"author":[{"embeddable":true,"href":"https:\/\/www.radiopresidenteibanez.cl\/web\/wp-json\/wp\/v2\/users\/2"}],"replies":[{"embeddable":true,"href":"https:\/\/www.radiopresidenteibanez.cl\/web\/wp-json\/wp\/v2\/comments?post=3752"}],"version-history":[{"count":0,"href":"https:\/\/www.radiopresidenteibanez.cl\/web\/wp-json\/wp\/v2\/posts\/3752\/revisions"}],"wp:featuredmedia":[{"embeddable":true,"href":"https:\/\/www.radiopresidenteibanez.cl\/web\/wp-json\/wp\/v2\/media\/3753"}],"wp:attachment":[{"href":"https:\/\/www.radiopresidenteibanez.cl\/web\/wp-json\/wp\/v2\/media?parent=3752"}],"wp:term":[{"taxonomy":"category","embeddable":true,"href":"https:\/\/www.radiopresidenteibanez.cl\/web\/wp-json\/wp\/v2\/categories?post=3752"},{"taxonomy":"post_tag","embeddable":true,"href":"https:\/\/www.radiopresidenteibanez.cl\/web\/wp-json\/wp\/v2\/tags?post=3752"}],"curies":[{"name":"wp","href":"https:\/\/api.w.org\/{rel}","templated":true}]}}